[{"@context":"https:\/\/schema.org\/","@type":"Article","@id":"https:\/\/www.aberto.cz\/a-je-to-tady\/#Article","mainEntityOfPage":"https:\/\/www.aberto.cz\/a-je-to-tady\/","headline":"A je to tady","name":"A je to tady","description":"Tak n\u011bco takov\u00e9ho se prost\u011b m\u016f\u017ee st\u00e1t jen v\u00e1m, jen\u017ee m\u016f\u017eete nad\u00e1vat, jak chcete, ale pravda je takov\u00e1, \u017ee jste to v\u011bd\u011bla v\u010das a to, \u017ee v\u00e1m zrovna dnes praskla&hellip;","datePublished":"2025-03-14","dateModified":"2025-03-14","author":{"@type":"Person","@id":"https:\/\/www.aberto.cz\/author\/#Person","name":"","url":"https:\/\/www.aberto.cz\/author\/","identifier":1,"image":{"@type":"ImageObject","@id":"https:\/\/secure.gravatar.com\/avatar\/40b5f3ce562f556955b189273c919e65fd2efecc17411a60d9172af88d0e5d58?s=96&d=mm&r=g","url":"https:\/\/secure.gravatar.com\/avatar\/40b5f3ce562f556955b189273c919e65fd2efecc17411a60d9172af88d0e5d58?s=96&d=mm&r=g","height":96,"width":96}},"publisher":{"@type":"Organization","name":"aberto.cz","logo":{"@type":"ImageObject","@id":"\/logo.png","url":"\/logo.png","width":600,"height":60}},"url":"https:\/\/www.aberto.cz\/a-je-to-tady\/","wordCount":271,"articleBody":" Tak n\u011bco takov\u00e9ho se prost\u011b m\u016f\u017ee st\u00e1t jen v\u00e1m, jen\u017ee m\u016f\u017eete nad\u00e1vat, jak chcete, ale pravda je takov\u00e1, \u017ee jste to v\u011bd\u011bla v\u010das a to, \u017ee v\u00e1m zrovna dnes praskla \u017e\u00e1rovka v pokoji, kde p\u00ed\u0161ete svou diplomovou pr\u00e1ci je vlastn\u011b \u010dist\u011b jen va\u0161e chyba, proto\u017ee u\u017e jste si d\u00e1vno m\u011bla do v\u0161ech pokoj\u016f po\u0159\u00eddit led \u017e\u00e1rovky Praha a byl by klid. Dokonce byste se takto o sv\u00e9 osv\u011btlen\u00ed nemusela starat n\u011bkolik let, nebo\u0165 jak je zn\u00e1mo, tak po\u0159\u00eddit si dom\u016f ledky se vysloven\u011b vyplat\u00ed, nebo\u0165 jejich \u017eivotnost je skute\u010dn\u011b velik\u00e1. Bez sv\u011btla se v pokoji neobejdete Tak\u017ee i kdy\u017e se v\u00e1m to dnes hod\u00ed snad \u00fapln\u011b nejm\u00e9n\u011b za posledn\u00ed m\u011bs\u00edc, tak v\u00e1m nezb\u00fdv\u00e1 nic jin\u00e9ho ne\u017e vyrazit na n\u00e1kupy, proto\u017ee i kdy\u017e byste do sv\u00e9ho pokoje p\u0159em\u00edstila sv\u011btlo z jin\u00e9 m\u00edstnosti, tak by bylo jen ot\u00e1zkou \u010dasu, kdy o n\u011bj p\u0159ijdete. A kdy\u017e u\u017e to kone\u010dn\u011b vy\u0159e\u0161\u00edte, tak budete m\u00edt pokoj na dlouh\u00e1 l\u00e9ta, a je\u0161t\u011b p\u0159itom nav\u00edc u\u0161et\u0159\u00edte, co\u017e se v\u00e1m tak\u00e9 dost hod\u00ed, tak\u017ee hur\u00e1 na n\u00e1kupy. V\u017edy\u0165 diplomovou pr\u00e1ci budete ps\u00e1t je\u0161t\u011b cel\u00fd p\u0159\u00ed\u0161t\u00ed m\u011bs\u00edc, a i kdy\u017e v\u00e1m u\u017e pom\u011brn\u011b ho\u0159\u00ed term\u00edn a mnoho toho nem\u00e1te, tak jsou v\u011bci, kter\u00e9 zkr\u00e1tka odlo\u017eit nem\u016f\u017eete.                                                                                                                                                                                                                                                                                                                                                                                        4\/5 - (1 vote)        "},{"@context":"https:\/\/schema.org\/","@type":"BreadcrumbList","itemListElement":[{"@type":"ListItem","position":1,"name":"A je to tady","item":"https:\/\/www.aberto.cz\/a-je-to-tady\/#breadcrumbitem"}]}]