[{"@context":"https:\/\/schema.org\/","@type":"Article","@id":"https:\/\/www.aberto.cz\/cizi-jmena-pro-deti\/#Article","mainEntityOfPage":"https:\/\/www.aberto.cz\/cizi-jmena-pro-deti\/","headline":"Ciz\u00ed jm\u00e9na pro d\u011bti","name":"Ciz\u00ed jm\u00e9na pro d\u011bti","description":"Hled\u00e1te n\u011bjak\u00e9 jm\u00e9no pro va\u0161e miminko, kter\u00e9 nebude oby\u010dejn\u00e9, ale n\u011b\u010d\u00edm zvl\u00e1\u0161tn\u00ed \u010di exotick\u00e9? M\u016f\u017eete se nechat inspirovat. Mia Sv\u00e1tek slav\u00ed 12. z\u00e1\u0159\u00ed na Marii. Slovo m\u00eda ve \u0161pan\u011bl\u0161tina znamen\u00e1&hellip;","datePublished":"2019-11-21","dateModified":"2023-05-17","author":{"@type":"Person","@id":"https:\/\/www.aberto.cz\/author\/#Person","name":"","url":"https:\/\/www.aberto.cz\/author\/","identifier":1,"image":{"@type":"ImageObject","@id":"https:\/\/secure.gravatar.com\/avatar\/40b5f3ce562f556955b189273c919e65fd2efecc17411a60d9172af88d0e5d58?s=96&d=mm&r=g","url":"https:\/\/secure.gravatar.com\/avatar\/40b5f3ce562f556955b189273c919e65fd2efecc17411a60d9172af88d0e5d58?s=96&d=mm&r=g","height":96,"width":96}},"publisher":{"@type":"Organization","name":"aberto.cz","logo":{"@type":"ImageObject","@id":"\/logo.png","url":"\/logo.png","width":600,"height":60}},"image":{"@type":"ImageObject","@id":"https:\/\/www.aberto.cz\/wp-content\/uploads\/img_a359425_w3730_t1573380042.jpg","url":"https:\/\/www.aberto.cz\/wp-content\/uploads\/img_a359425_w3730_t1573380042.jpg","height":0,"width":0},"url":"https:\/\/www.aberto.cz\/cizi-jmena-pro-deti\/","about":["D\u011bti"],"wordCount":489,"articleBody":"Hled\u00e1te n\u011bjak\u00e9 jm\u00e9no pro va\u0161e miminko, kter\u00e9 nebude oby\u010dejn\u00e9, ale n\u011b\u010d\u00edm zvl\u00e1\u0161tn\u00ed \u010di exotick\u00e9? M\u016f\u017eete se nechat inspirovat.MiaSv\u00e1tek slav\u00ed 12. z\u00e1\u0159\u00ed na Marii. Slovo m\u00eda ve \u0161pan\u011bl\u0161tina znamen\u00e1 moje a p\u016fvod m\u00e1 biblick\u00fd.SofieJeho \u010deskou obdobou je \u017dofie, m\u00e1 \u0159eck\u00fd p\u016fvod a znamen\u00e1 moudrost. M\u00edv\u00e1 um\u011bleck\u00e9 sklony, ne v\u017edy se ale v&nbsp;\u017eivot\u011b vyd\u00e1v\u00e1 t\u00edm spr\u00e1vn\u00fdm sm\u011brem. Je n\u00e1pomocn\u00e1, laskav\u00e1 a sympatick\u00e1. M\u00e1 r\u00e1da svou rodinu a jmeniny slav\u00ed 15.kv\u011btna.ZoeToto jm\u00e9no je spojeno se \u017eivotem. Nenech\u00e1 se omezovat, v\u017edy si stoj\u00ed za sv\u00fdm, co\u017e j\u00ed ob\u010das m\u016f\u017ee zp\u016fsobit probl\u00e9my. H\u016f\u0159e se p\u0159izp\u016fsobuje zm\u011bn\u00e1m a b\u00fdv\u00e1 problematick\u00e1 ve vztahu. Sv\u00e1tek m\u00e1 27.\u0159\u00edjna. \u010cesk\u00e9 obm\u011bny jm\u00e9na jsou \u017diva nebo Eva.\u0160arlotaV\u00fdklad z&nbsp;francouz\u0161tiny zn\u00ed: vz\u00e1cn\u00e1 pan\u00ed, kr\u00e1lovna, vl\u00e1dkyn\u011b nebo svobodn\u00e1 \u017eena. Pokud byste hledali \u010deskou verzi, byla by to Karla. Je velmi inteligentn\u00ed a m\u00e1 p\u0159ed sebou velkou budoucnost v&nbsp;podob\u011b kari\u00e9ry d\u00edky jej\u00edm schopnostem. Na druhou stranu ale m\u016f\u017ee zasahovat do v\u011bc\u00ed, kter\u00e9 s&nbsp;n\u00ed nemaj\u00ed nic spole\u010dn\u00e9ho. Sou\u010dasn\u011b se Zoe oslavuje 27.10.VanesaNetradi\u010dn\u011b poch\u00e1z\u00ed z&nbsp;Irska a nav\u00edc nem\u00e1 \u017e\u00e1dn\u00fd v\u00fdznam, proto\u017ee bylo vytvo\u0159eno spisovatelem Jonathanem Shift, kter\u00fd spojil &bdquo;Van&ldquo; a ,,Essa&ldquo;, \u010d\u00edm\u017e toto jm\u00e9no vymyslel. \u017deny s&nbsp;t\u00edmto jm\u00e9nem b\u00fdvaj\u00ed intelektu\u00e1lky, cht\u011bj\u00ed hodn\u011b v\u011bd\u011bt a jsou empatick\u00e9. Ve sv\u00e9m ml\u00e1d\u00ed nar\u00e1\u017e\u00ed na p\u0159ek\u00e1\u017eky, kter\u00e9 se jim zdaj\u00ed nezdolateln\u00e9, ov\u0161em v&nbsp;dosp\u011blosti p\u0159ijde zlom, kter\u00fd jejich probl\u00e9my vy\u0159e\u0161\u00ed. Sv\u00e1tek m\u00e1 24.5.StellaK\u0159estn\u00ed jm\u00e9no z&nbsp;latiny m\u00e1 v\u00fdznam hv\u011bzdy. Je to takov\u00e9 hodn\u00e9, mil\u00e9 stvo\u0159en\u00ed, kter\u00e9 maj\u00ed v\u0161ichni r\u00e1di. Bohu\u017eel ve vztaz\u00edch se j\u00ed moc neda\u0159\u00ed a b\u00fdv\u00e1 tak ke konci \u017eivota sama. Sv\u00fdm v\u00fdznamem je p\u0159\u00edbuzn\u00e1 s&nbsp;Aurorou, Ester \u010di Dagmar. Oslava jm\u00e9na se kon\u00e1 4. b\u0159ezna.IzabelaJm\u00e9no hebrejsk\u00e9ho p\u016fvodu slav\u00ed sv\u016fj sv\u00e1tek 11. dubna. Vznik tohoto jm\u00e9na m\u00e1 dv\u011b mo\u017enosti &ndash; bu\u010fto je to varianta jm\u00e9na Al\u017eb\u011bta, tud\u00ed\u017e znamen\u00e1 ,,p\u0159\u00edsah\u00e1m sv\u00e9mu Bohu&ldquo;, nebo Izebel neboli &bdquo;B\u016fh m\u011b pov\u00fd\u0161il&ldquo;. B\u00fdv\u00e1 p\u0159ita\u017eliv\u00e1, ale v \u017eivot\u011b se j\u00ed p\u0159\u00edli\u0161 neda\u0159\u00ed. Rozum\u00ed si d\u00edky sv\u00e9 nest\u00e1rnouc\u00ed mysli s mlad\u0161\u00ed generac\u00ed.LilianaPosledn\u00edm jm\u00e9nem je Liliana, kter\u00e9 m\u00e1 latinsk\u00fd p\u016fvod a znamen\u00e1 \u010dist\u00e1, kr\u00e1sn\u00e1. M\u00e1 talent v&nbsp;r\u016fzn\u00fdch oblastech a bojuje za lidsk\u00e1 pr\u00e1va. Sv\u00e1tek slav\u00ed 25. \u00fanora.                                                                                                                                                                                                                                                                                                                                                                                        4.6\/5 - (8 votes)        "},{"@context":"https:\/\/schema.org\/","@type":"BreadcrumbList","itemListElement":[{"@type":"ListItem","position":1,"name":"Ciz\u00ed jm\u00e9na pro d\u011bti","item":"https:\/\/www.aberto.cz\/cizi-jmena-pro-deti\/#breadcrumbitem"}]}]