[{"@context":"https:\/\/schema.org\/","@type":"Article","@id":"https:\/\/www.aberto.cz\/deti-nase-radost\/#Article","mainEntityOfPage":"https:\/\/www.aberto.cz\/deti-nase-radost\/","headline":"D\u011bti, na\u0161e radost","name":"D\u011bti, na\u0161e radost","description":"A tak n\u00e1m uplyne \u017eivot a pomali\u010dku st\u00e1rneme. Na\u0161e d\u011bti s n\u00e1mi a kdy\u017e jsme ve st\u0159edn\u00edm v\u011bku jsou ony v pubert\u011b. Nyn\u00ed se za\u010dne projevovat na\u0161e v\u00fdchova. Ta je&hellip;","datePublished":"2024-04-29","dateModified":"2024-04-29","author":{"@type":"Person","@id":"https:\/\/www.aberto.cz\/author\/#Person","name":"","url":"https:\/\/www.aberto.cz\/author\/","identifier":1,"image":{"@type":"ImageObject","@id":"https:\/\/secure.gravatar.com\/avatar\/40b5f3ce562f556955b189273c919e65fd2efecc17411a60d9172af88d0e5d58?s=96&d=mm&r=g","url":"https:\/\/secure.gravatar.com\/avatar\/40b5f3ce562f556955b189273c919e65fd2efecc17411a60d9172af88d0e5d58?s=96&d=mm&r=g","height":96,"width":96}},"publisher":{"@type":"Organization","name":"aberto.cz","logo":{"@type":"ImageObject","@id":"\/logo.png","url":"\/logo.png","width":600,"height":60}},"image":{"@type":"ImageObject","@id":"https:\/\/www.aberto.cz\/wp-content\/uploads\/children-14318_640.jpg","url":"https:\/\/www.aberto.cz\/wp-content\/uploads\/children-14318_640.jpg","height":0,"width":0},"url":"https:\/\/www.aberto.cz\/deti-nase-radost\/","about":["D\u011bti"],"wordCount":446,"articleBody":"A tak n\u00e1m uplyne \u017eivot a pomali\u010dku st\u00e1rneme. Na\u0161e d\u011bti s n\u00e1mi a kdy\u017e jsme ve st\u0159edn\u00edm v\u011bku jsou ony v pubert\u011b. Nyn\u00ed se za\u010dne projevovat na\u0161e v\u00fdchova. Ta je jen dvoj\u00edho druhu. Dobr\u00e1 a \u0161patn\u00e1. N\u011bco mezit\u00edm sice b\u00fdt m\u016f\u017ee, ale nen\u00ed to asi to prav\u00e9 o\u0159echov\u00e9. D\u00edt\u011b by m\u011blo v\u011bd\u011bt co je dob\u0159e a co je \u0161patn\u011b hned od za\u010d\u00e1tku sv\u00e9 existence. Co\u017e tedy znamen\u00e1, \u017ee mus\u00ed v\u011bd\u011bt, \u017ee se nesm\u00ed tamto a ono a \u017ee za poru\u0161en\u00ed n\u00e1sleduje trest. V\u0161ichni rodi\u010de cht\u011bj\u00ed, aby jim d\u011bti d\u011blaly jen radost. Proto s nimi chod\u00ed ven, voz\u00ed je tam v ko\u010d\u00e1rku a pozd\u011bji u\u017e mal\u00ed chod\u00ed p\u011b\u0161ky. To se vezme kybl\u00ed\u010dek a lopati\u010dka, plus n\u011bjak\u00e9 b\u00e1bovi\u010dka a \u0161matl\u00e1 se to na p\u00edskovi\u0161t\u011b.Rodi\u010d aktivn\u00ed se sna\u017e\u00ed hr\u00e1t si s d\u00edt\u011btem i kdy\u017e mu to nejde. Rodi\u010d neaktivn\u00ed si jen sedne na lavi\u010dku a hled\u00ed do mobilu. Kdyby mu d\u00edt\u011b ukradli p\u0159ijde na to a\u017e ve\u010der, kdy\u017e dostane on s\u00e1m hlad a je na\u010dase j\u00edt dom\u016f. Ano, i takov\u00ed jsou rodi\u010de. Tento smutn\u00fd obr\u00e1zek v\u00edd\u00e1v\u00e1m velmi \u010dasto. D\u011bti na p\u00edskovi\u0161ti nebo kolem n\u011bj a sed\u0159en\u00e9 maminky sed\u00ed na lavi\u010dk\u00e1ch a zu\u0159iv\u011b ma\u010dkaj\u00ed tla\u010d\u00edtka sv\u00fdch mobil\u016f. Pokud jsou d\u011bti bezprobl\u00e9mov\u00e9, tak je klid, ale kdy\u017e se za\u010dne n\u011bco d\u00edt, vjedou si maminky hezky do vlas\u016f a nad\u00e1vaj\u00ed si n\u011bkter\u00e9 i velmi sprost\u011b. D\u011bti si samoz\u0159ejm\u011b berou p\u0159\u00edklad ze sv\u00fdch rodi\u010d\u016f, ale v tomto, a je\u0161t\u011b jin\u00fdch o\u0161kliv\u00fdch p\u0159\u00edpadech to asi nebude to prav\u00e9 o\u0159echov\u00e9. Proto by m\u011bli rodi\u010de mimo jin\u00e9 tak\u00e9 pe\u010dliv\u011b zva\u017eovat sv\u00e9 reakce. A pokud se neum\u00ed ovl\u00e1dat, je tu probl\u00e9m. Nelze jinak ne\u017e pouze doufat, \u017ee d\u00edt\u011b si tuto vlastnost nevezme za svou. Kdysi bylo \u0159e\u010deno, \u0159ezat, \u0159ezat, a je\u0161t\u011b jednou \u0159ezat. Zn\u00e1m spoustu lid\u00ed, jejich\u017e rodi\u010de to tak praktikovali a jen p\u00e1r z nich nen\u00ed na tom s chov\u00e1n\u00edm v po\u0159\u00e1dku. Ne, nejsem zast\u00e1nkyn\u00ed t\u011blesn\u00fdch trest\u016f, ale pokud nen\u00ed vyhnut\u00ed, tak se ned\u00e1 nic d\u011blat. V tomto p\u0159\u00edpad\u011b plat\u00ed to, co \u0159\u00edk\u00e1val n\u00e1\u0161 d\u011bda, \u017ee je \u0161koda ka\u017ed\u00e9 r\u00e1ny, kter\u00e1 padne vedle. \u00a0                                                                                                                                                                                                                                                                                                                                                                                        4.1\/5 - (7 votes)        "},{"@context":"https:\/\/schema.org\/","@type":"BreadcrumbList","itemListElement":[{"@type":"ListItem","position":1,"name":"D\u011bti, na\u0161e radost","item":"https:\/\/www.aberto.cz\/deti-nase-radost\/#breadcrumbitem"}]}]