{"@context":"https:\/\/schema.org\/","@type":"CollectionPage","@id":"https:\/\/www.aberto.cz\/dovolena\/#CollectionPage","headline":"Dovolen\u00e1 Category","description":"","url":"https:\/\/www.aberto.cz\/dovolena\/","hasPart":[{"@type":"Article","@id":"https:\/\/www.aberto.cz\/dovolena-u-more\/","headline":"Dovolen\u00e1 u mo\u0159e","url":"https:\/\/www.aberto.cz\/dovolena-u-more\/","datePublished":"2022-07-23","dateModified":"2023-05-17","mainEntityOfPage":"https:\/\/www.aberto.cz\/dovolena-u-more\/","author":{"@type":"Person","@id":"https:\/\/www.aberto.cz\/author\/#Person","name":"","url":"https:\/\/www.aberto.cz\/author\/","identifier":1,"image":{"@type":"ImageObject","@id":"https:\/\/secure.gravatar.com\/avatar\/40b5f3ce562f556955b189273c919e65fd2efecc17411a60d9172af88d0e5d58?s=96&d=mm&r=g","url":"https:\/\/secure.gravatar.com\/avatar\/40b5f3ce562f556955b189273c919e65fd2efecc17411a60d9172af88d0e5d58?s=96&d=mm&r=g","height":96,"width":96}},"publisher":{"@type":"Organization","name":"aberto.cz","logo":{"@type":"ImageObject","@id":"\/logo.png","url":"\/logo.png","width":600,"height":60}},"image":{"@type":"ImageObject","@id":"https:\/\/www.aberto.cz\/wp-content\/uploads\/lighthouse-1872998_960_720.jpg","url":"https:\/\/www.aberto.cz\/wp-content\/uploads\/lighthouse-1872998_960_720.jpg","height":0,"width":0},"keywords":null},{"@type":"Article","@id":"https:\/\/www.aberto.cz\/dovolena-na-horach-na-vlastni-pest\/","headline":"Dovolen\u00e1 na hor\u00e1ch na vlastn\u00ed p\u011bst","url":"https:\/\/www.aberto.cz\/dovolena-na-horach-na-vlastni-pest\/","datePublished":"2022-02-11","dateModified":"2023-05-17","mainEntityOfPage":"https:\/\/www.aberto.cz\/dovolena-na-horach-na-vlastni-pest\/","author":{"@type":"Person","@id":"https:\/\/www.aberto.cz\/author\/#Person","name":"","url":"https:\/\/www.aberto.cz\/author\/","identifier":1,"image":{"@type":"ImageObject","@id":"https:\/\/secure.gravatar.com\/avatar\/40b5f3ce562f556955b189273c919e65fd2efecc17411a60d9172af88d0e5d58?s=96&d=mm&r=g","url":"https:\/\/secure.gravatar.com\/avatar\/40b5f3ce562f556955b189273c919e65fd2efecc17411a60d9172af88d0e5d58?s=96&d=mm&r=g","height":96,"width":96}},"publisher":{"@type":"Organization","name":"aberto.cz","logo":{"@type":"ImageObject","@id":"\/logo.png","url":"\/logo.png","width":600,"height":60}},"image":{"@type":"ImageObject","@id":"https:\/\/www.aberto.cz\/wp-content\/uploads\/folklore-528598_640.jpg","url":"https:\/\/www.aberto.cz\/wp-content\/uploads\/folklore-528598_640.jpg","height":0,"width":0},"keywords":null},{"@type":"Article","@id":"https:\/\/www.aberto.cz\/medvedi-souteska-v-rakousku\/","headline":"Medv\u011bd\u00ed sout\u011bska v Rakousku","url":"https:\/\/www.aberto.cz\/medvedi-souteska-v-rakousku\/","datePublished":"2019-11-18","dateModified":"2023-05-17","mainEntityOfPage":"https:\/\/www.aberto.cz\/medvedi-souteska-v-rakousku\/","author":{"@type":"Person","@id":"https:\/\/www.aberto.cz\/author\/#Person","name":"","url":"https:\/\/www.aberto.cz\/author\/","identifier":1,"image":{"@type":"ImageObject","@id":"https:\/\/secure.gravatar.com\/avatar\/40b5f3ce562f556955b189273c919e65fd2efecc17411a60d9172af88d0e5d58?s=96&d=mm&r=g","url":"https:\/\/secure.gravatar.com\/avatar\/40b5f3ce562f556955b189273c919e65fd2efecc17411a60d9172af88d0e5d58?s=96&d=mm&r=g","height":96,"width":96}},"publisher":{"@type":"Organization","name":"aberto.cz","logo":{"@type":"ImageObject","@id":"\/logo.png","url":"\/logo.png","width":600,"height":60}},"image":{"@type":"ImageObject","@id":"https:\/\/www.aberto.cz\/wp-content\/uploads\/img_a361227_w3730_t1574585432.jpg","url":"https:\/\/www.aberto.cz\/wp-content\/uploads\/img_a361227_w3730_t1574585432.jpg","height":0,"width":0},"keywords":null}]}