[{"@context":"https:\/\/schema.org\/","@type":"Article","@id":"https:\/\/www.aberto.cz\/jak-prozit-zimu-levne-a-v-teplicku\/#Article","mainEntityOfPage":"https:\/\/www.aberto.cz\/jak-prozit-zimu-levne-a-v-teplicku\/","headline":"Jak pro\u017e\u00edt zimu levn\u011b a v tepl\u00ed\u010dku?","name":"Jak pro\u017e\u00edt zimu levn\u011b a v tepl\u00ed\u010dku?","description":"Zimn\u00ed obdob\u00ed sebou nese nejen radov\u00e1nky ze zimn\u00ed sport\u016f, ale tak\u00e9 starosti z cenami topn\u00fdch paliv. Jak zajistit teplo domova a z\u00e1rove\u0148 udr\u017eet n\u011bjak\u00e9 ty korunky doma? Odpov\u011bd\u00ed nen\u00ed n\u00e1kup&hellip;","datePublished":"2024-10-17","dateModified":"2024-10-17","author":{"@type":"Person","@id":"https:\/\/www.aberto.cz\/author\/#Person","name":"","url":"https:\/\/www.aberto.cz\/author\/","identifier":1,"image":{"@type":"ImageObject","@id":"https:\/\/secure.gravatar.com\/avatar\/40b5f3ce562f556955b189273c919e65fd2efecc17411a60d9172af88d0e5d58?s=96&d=mm&r=g","url":"https:\/\/secure.gravatar.com\/avatar\/40b5f3ce562f556955b189273c919e65fd2efecc17411a60d9172af88d0e5d58?s=96&d=mm&r=g","height":96,"width":96}},"publisher":{"@type":"Organization","name":"aberto.cz","logo":{"@type":"ImageObject","@id":"\/logo.png","url":"\/logo.png","width":600,"height":60}},"url":"https:\/\/www.aberto.cz\/jak-prozit-zimu-levne-a-v-teplicku\/","wordCount":158,"articleBody":"Zimn\u00ed obdob\u00ed sebou nese nejen radov\u00e1nky ze zimn\u00ed sport\u016f, ale tak\u00e9 starosti z cenami topn\u00fdch paliv. Jak zajistit teplo domova a z\u00e1rove\u0148 udr\u017eet n\u011bjak\u00e9 ty korunky doma? Odpov\u011bd\u00ed nen\u00ed n\u00e1kup nov\u00e9ho kotle nebo zm\u011bna topn\u00e9ho paliva. \u0158e\u0161en\u00edm je zateplen\u00ed va\u0161eho domu, p\u0159esn\u011bji \u0159e\u010deno fas\u00e1dy. Pr\u00e1v\u011b fas\u00e1da je jako prvn\u00ed z cel\u00e9ho domu na r\u00e1n\u011b rozmar\u016fm po\u010das\u00ed. Proto mus\u00ed b\u00fdt na poryvy studen\u00e9ho vzduchu, sn\u011bhu p\u0159ipraven\u00e1. V opa\u010dn\u00e9m p\u0159\u00edpad\u011b toti\u017e pust\u00ed zimu do \u00fatrob domu a ten se pak neda\u0159\u00ed vytopit. A zima p\u0159ich\u00e1z\u00ed dovnit\u0159, teplo unik\u00e1 ven. To je v\u00fdsledek \u0161patn\u011b zateplen\u00e9 fas\u00e1dy. Rozhodnut\u00ed pro opravu fas\u00e1dy v\u00e1m zajist\u00ed nejen klidn\u011b pro\u017eitou zimu, ale i pen\u00edzky, kter\u00e9 m\u016f\u017eete pou\u017e\u00edt na skv\u011blou dovolenou nebo nov\u00e9 auto.                                                                                                                                                                                                                                                                                                                                                                                        4.8\/5 - (5 votes)        "},{"@context":"https:\/\/schema.org\/","@type":"BreadcrumbList","itemListElement":[{"@type":"ListItem","position":1,"name":"Jak pro\u017e\u00edt zimu levn\u011b a v tepl\u00ed\u010dku?","item":"https:\/\/www.aberto.cz\/jak-prozit-zimu-levne-a-v-teplicku\/#breadcrumbitem"}]}]