[{"@context":"https:\/\/schema.org\/","@type":"Article","@id":"https:\/\/www.aberto.cz\/kutilove-si-poradi-se-vsim\/#Article","mainEntityOfPage":"https:\/\/www.aberto.cz\/kutilove-si-poradi-se-vsim\/","headline":"Kutilov\u00e9 si porad\u00ed se v\u0161\u00edm","name":"Kutilov\u00e9 si porad\u00ed se v\u0161\u00edm","description":"My jsme prost\u011b n\u00e1rod kutil\u016f. Uvid\u00edme-li na trhu n\u011bco levn\u011bj\u0161\u00edho a ur\u010den\u00e9ho pro n\u011bjak\u00e9 specifick\u00e9 \u00fa\u010dely, hned p\u0159em\u00fd\u0161l\u00edme o tom, jak produkt vyu\u017e\u00edt i jinak. Zvl\u00e1\u0161t\u011b, je-li cena p\u0159\u00edzniv\u00e1 pro&hellip;","datePublished":"2024-01-16","dateModified":"2024-01-16","author":{"@type":"Person","@id":"https:\/\/www.aberto.cz\/author\/#Person","name":"","url":"https:\/\/www.aberto.cz\/author\/","identifier":1,"image":{"@type":"ImageObject","@id":"https:\/\/secure.gravatar.com\/avatar\/40b5f3ce562f556955b189273c919e65fd2efecc17411a60d9172af88d0e5d58?s=96&d=mm&r=g","url":"https:\/\/secure.gravatar.com\/avatar\/40b5f3ce562f556955b189273c919e65fd2efecc17411a60d9172af88d0e5d58?s=96&d=mm&r=g","height":96,"width":96}},"publisher":{"@type":"Organization","name":"aberto.cz","logo":{"@type":"ImageObject","@id":"\/logo.png","url":"\/logo.png","width":600,"height":60}},"url":"https:\/\/www.aberto.cz\/kutilove-si-poradi-se-vsim\/","wordCount":230,"articleBody":"My jsme prost\u011b n\u00e1rod kutil\u016f. Uvid\u00edme-li na trhu n\u011bco levn\u011bj\u0161\u00edho a ur\u010den\u00e9ho pro n\u011bjak\u00e9 specifick\u00e9 \u00fa\u010dely, hned p\u0159em\u00fd\u0161l\u00edme o tom, jak produkt vyu\u017e\u00edt i jinak. Zvl\u00e1\u0161t\u011b, je-li cena p\u0159\u00edzniv\u00e1 pro na\u0161i pen\u011b\u017eenku. Tak to prost\u011b m\u00e1me. Mo\u017en\u00e1 je to poz\u016fstatek doby, kdy nebylo k\u00a0dost\u00e1n\u00ed mnoho produkt\u016f, a proto jsme si produkt vyr\u00e1b\u011bli sami. Stejn\u011b tak tomu je s\u00a0produktem, kter\u00fd se vyu\u017e\u00edv\u00e1 ke span\u00ed, ale je natolik finan\u010dn\u011b dostupn\u00fd, \u017ee la\u0165kov\u00e9 ro\u0161ty kdejak\u00fd kutil vyu\u017eije, nap\u0159\u00edklad k\u00a0uchycen\u00ed pravideln\u00fdch poli\u010dek na ze\u010f. Nebo jako ohr\u00e1dku do interi\u00e9ru.\tAle te\u010f v\u00e1\u017en\u011bLa\u0165kov\u00e9 ro\u0161ty jsou k\u00a0dost\u00e1n\u00ed za opravdu p\u0159ijatelnou cenu, kter\u00e1 V\u00e1m umo\u017en\u00ed koupit si kvalitn\u00ed vy\u0161\u0161\u00ed matraci, aby Va\u0161e span\u00ed bylo spokojen\u00e9. Nejsou o nic m\u00e9n\u011b kvalitn\u00ed, ne\u017e ostatn\u00ed identick\u00e9 produkty, jen jim chyb\u00ed pru\u017enost. Vy\u0161\u0161\u00ed matrac\u00ed tento nedostatek vykompenzujete. A za u\u0161et\u0159en\u00e9 pen\u00edze si po\u0159i\u010fte t\u0159eba nov\u00e9 pol\u0161t\u00e1\u0159e, nebo novou v\u00fdpl\u0148 do pol\u0161t\u00e1\u0159\u016f st\u00e1vaj\u00edc\u00edch. To u\u017e bude jen na V\u00e1s. Vysp\u00edte se tak stejn\u011b kvalitn\u011b, jako na ostatn\u00edch postel\u00edch. V\u011b\u0159te, \u017ee touto variantou nic nepokaz\u00edte.                                                                                                                                                                                                                                                                                                                                                                                        3.7\/5 - (8 votes)        "},{"@context":"https:\/\/schema.org\/","@type":"BreadcrumbList","itemListElement":[{"@type":"ListItem","position":1,"name":"Kutilov\u00e9 si porad\u00ed se v\u0161\u00edm","item":"https:\/\/www.aberto.cz\/kutilove-si-poradi-se-vsim\/#breadcrumbitem"}]}]