[{"@context":"https:\/\/schema.org\/","@type":"Article","@id":"https:\/\/www.aberto.cz\/notebook-od-pocatku\/#Article","mainEntityOfPage":"https:\/\/www.aberto.cz\/notebook-od-pocatku\/","headline":"Notebook od po\u010d\u00e1tku","name":"Notebook od po\u010d\u00e1tku","description":"Nikdo tehdy na po\u010d\u00e1tku nev\u011b\u0159il, \u017ee cena p\u016fjde a\u017e tak dol\u016f, \u017ee si jej bude moci po\u0159\u00eddit \u00fapln\u011b ka\u017ed\u00fd \u010dlov\u011bk. Tedy, ten, kter\u00fd m\u00e1 z\u00e1jem. Pokud n\u011bkdo pen\u00edze p\u0159evede pouze&hellip;","datePublished":"2020-10-19","dateModified":"2023-05-17","author":{"@type":"Person","@id":"https:\/\/www.aberto.cz\/author\/#Person","name":"","url":"https:\/\/www.aberto.cz\/author\/","identifier":1,"image":{"@type":"ImageObject","@id":"https:\/\/secure.gravatar.com\/avatar\/40b5f3ce562f556955b189273c919e65fd2efecc17411a60d9172af88d0e5d58?s=96&d=mm&r=g","url":"https:\/\/secure.gravatar.com\/avatar\/40b5f3ce562f556955b189273c919e65fd2efecc17411a60d9172af88d0e5d58?s=96&d=mm&r=g","height":96,"width":96}},"publisher":{"@type":"Organization","name":"aberto.cz","logo":{"@type":"ImageObject","@id":"\/logo.png","url":"\/logo.png","width":600,"height":60}},"image":{"@type":"ImageObject","@id":"https:\/\/www.aberto.cz\/wp-content\/uploads\/notebook_1.jpg","url":"https:\/\/www.aberto.cz\/wp-content\/uploads\/notebook_1.jpg","height":0,"width":0},"url":"https:\/\/www.aberto.cz\/notebook-od-pocatku\/","about":["Internet"],"wordCount":441,"articleBody":"       Nikdo tehdy na po\u010d\u00e1tku nev\u011b\u0159il, \u017ee cena p\u016fjde a\u017e tak dol\u016f, \u017ee si jej bude moci po\u0159\u00eddit \u00fapln\u011b ka\u017ed\u00fd \u010dlov\u011bk. Tedy, ten, kter\u00fd m\u00e1 z\u00e1jem. Pokud n\u011bkdo pen\u00edze p\u0159evede pouze na tekutou potravu jak\u00e9koli zna\u010dky, ten z\u00e1jem nem\u00e1. K \u010demu tak\u00e9. Kde\u017eto lid\u00e9 z druh\u00e9 strany po\u010d\u00edta\u010d maj\u00ed a pokud to jen trochu um\u00ed, uspo\u0159\u00ed jim spoustu \u010dasu. A pokud um\u00ed je\u0161t\u011b v\u00edce, p\u0159inese jim dom\u016f i n\u011bjak\u00fd ten pen\u00edz. Jen\u017ee kdy\u017e n\u011bkdo d\u011blal na po\u010d\u00edta\u010di v pr\u00e1ci, a doma by r\u00e1d pokra\u010doval, byl tu probl\u00e9m. Ano byly zde sice diskety, na tehdej\u0161\u00ed dobu kapacitn\u011b posta\u010duj\u00edc\u00ed, ale hodn\u011b n\u00e1chyln\u00e9 k chyb\u00e1m a po\u0161kozen\u00edm. Internet a cloudy? Kdepak. Internet nebyl v\u0161ude a j\u00e1 si je\u0161t\u011b pamatuji kdy se platil za \u010das p\u0159ipojen\u00ed, tedy za ka\u017edou minutu n\u011bjak\u00e1 ta koruna. Proto jsem \u010dek\u00e1val do osmi ve\u010der, kdy byl ni\u017e\u0161\u00ed tarif, stejn\u011b jako v sobotu a ned\u011bli. A pak si n\u011bkdo n\u011bkde \u0159ekl, pro\u010d se p\u00eddit po n\u011bjak\u00e9m m\u00e9diu, na kter\u00e9m by se mohlo n\u011bco p\u0159en\u00e1\u0161et. Pro\u010d si nep\u0159en\u00e9st rovnou cel\u00fd po\u010d\u00edta\u010d: A miniaturizace se rozjela je\u0161t\u011b v\u00edce ne\u017e p\u0159edt\u00edm. A za\u010daly vznikat prvn\u00ed p\u0159enosn\u00e9 po\u010d\u00edta\u010de, notebooky. Nikdo nev\u00ed, kde p\u0159esn\u011b byl ten prvn\u00ed, ale v\u011bt\u0161inou je to p\u0159ipisov\u00e1no kni\u017en\u00edmu nakladateli Gavilianovi, kter\u00fd jej p\u0159edstavil v roce 1983. Tenkr\u00e1t je\u0161t\u011b nevypadal jako ty sou\u010dasn\u00e9, ale p\u0159en\u00e1\u0161et se v jist\u00e9m slova smyslu dal. Byl toti\u017e drob\u00e1tko t\u011b\u017e\u0161\u00ed, v\u00e1\u017eil kolem deseti kilogram\u016f. Jinde se uv\u00e1d\u00ed jako prvn\u00ed stroj jm\u00e9nem Osborne 1. Jeho cena byla kolem osmn\u00e1cti set dolar\u016f. Nu, ono je to nakonec jedno kdo byl prvn\u00ed. Dnes se bez t\u011bchto p\u0159\u00edstroj\u016f ji\u017e jen st\u011b\u017e\u00ed obejdeme, hlavn\u011b ti, kte\u0159\u00ed jej pou\u017e\u00edvaj\u00ed v pr\u00e1ci i doma. A co kdy\u017e se v\u00e1m pokaz\u00ed? NIKDY jej nerozeb\u00edrejte sami. Prost\u011b jen zabalte, aby se nepo\u0161kodil je\u0161t\u011b v\u00edce p\u0159i p\u0159eprav\u011b a odvezte jej do opravy notebook\u016f Plze\u0148. Je to odborn\u00fd servis, kter\u00fd v\u00e1m op\u011bt v\u00e1\u0161 p\u0159\u00edstroj uvede do p\u016fvodn\u00edho stavu. Dokonce se pokus\u00ed zachr\u00e1nit v\u0161echna data kter\u00e1 v notebooku jsou. B\u011bhem velmi kr\u00e1tk\u00e9 doby m\u016f\u017eete op\u011bt sv\u00e9ho mil\u00e1\u010dka za\u010d\u00edt b\u011b\u017en\u011b pou\u017e\u00edvat.                                                                                                                                                                                                                                                                                                                                                                                           4.3\/5 - (7 votes)        "},{"@context":"https:\/\/schema.org\/","@type":"BreadcrumbList","itemListElement":[{"@type":"ListItem","position":1,"name":"Notebook od po\u010d\u00e1tku","item":"https:\/\/www.aberto.cz\/notebook-od-pocatku\/#breadcrumbitem"}]}]