[{"@context":"https:\/\/schema.org\/","@type":"Blog","@id":"https:\/\/www.aberto.cz#Blog","headline":"Aberto","description":"\nPot\u0159ebujete, aby v\u00e1s n\u011bkde m\u011bli r\u00e1di? A doposud jste takov\u00e9 m\u00edsto nena\u0161li? Mo\u017en\u00e1 je to tak jenom proto, \u017ee jste je\u0161t\u011b nenatrefili na n\u00e1\u0161 web.","url":"https:\/\/www.aberto.cz","hasPart":[{"@type":"Article","@id":"https:\/\/www.aberto.cz\/kvalitni-nastroje\/","headline":"Kvalitn\u00ed n\u00e1stroje","url":"https:\/\/www.aberto.cz\/kvalitni-nastroje\/","datePublished":"2023-05-28","dateModified":"2023-12-13","mainEntityOfPage":"https:\/\/www.aberto.cz\/kvalitni-nastroje\/","author":{"@type":"Person","@id":"https:\/\/www.aberto.cz\/author\/#Person","name":"","url":"https:\/\/www.aberto.cz\/author\/","identifier":1,"image":{"@type":"ImageObject","@id":"https:\/\/secure.gravatar.com\/avatar\/40b5f3ce562f556955b189273c919e65fd2efecc17411a60d9172af88d0e5d58?s=96&d=mm&r=g","url":"https:\/\/secure.gravatar.com\/avatar\/40b5f3ce562f556955b189273c919e65fd2efecc17411a60d9172af88d0e5d58?s=96&d=mm&r=g","height":96,"width":96}},"publisher":{"@type":"Organization","name":"aberto.cz","logo":{"@type":"ImageObject","@id":"\/logo.png","url":"\/logo.png","width":600,"height":60}},"image":{"@type":"ImageObject","@id":"https:\/\/www.aberto.cz\/wp-content\/uploads\/port-675539_1280.jpg","url":"https:\/\/www.aberto.cz\/wp-content\/uploads\/port-675539_1280.jpg","height":0,"width":0},"wordCount":560,"keywords":null},{"@type":"Article","@id":"https:\/\/www.aberto.cz\/potraviny-online\/","headline":"Potraviny online","url":"https:\/\/www.aberto.cz\/potraviny-online\/","datePublished":"2023-05-16","dateModified":"2023-05-16","mainEntityOfPage":"https:\/\/www.aberto.cz\/potraviny-online\/","author":{"@type":"Person","@id":"https:\/\/www.aberto.cz\/author\/#Person","name":"","url":"https:\/\/www.aberto.cz\/author\/","identifier":1,"image":{"@type":"ImageObject","@id":"https:\/\/secure.gravatar.com\/avatar\/40b5f3ce562f556955b189273c919e65fd2efecc17411a60d9172af88d0e5d58?s=96&d=mm&r=g","url":"https:\/\/secure.gravatar.com\/avatar\/40b5f3ce562f556955b189273c919e65fd2efecc17411a60d9172af88d0e5d58?s=96&d=mm&r=g","height":96,"width":96}},"publisher":{"@type":"Organization","name":"aberto.cz","logo":{"@type":"ImageObject","@id":"\/logo.png","url":"\/logo.png","width":600,"height":60}},"image":{"@type":"ImageObject","@id":"https:\/\/www.aberto.cz\/wp-content\/uploads\/img_a327054_w1923_t1539251250.jpg","url":"https:\/\/www.aberto.cz\/wp-content\/uploads\/img_a327054_w1923_t1539251250.jpg","height":0,"width":0},"wordCount":528,"keywords":null},{"@type":"Article","@id":"https:\/\/www.aberto.cz\/doprejte-ocim-umele-slzy\/","headline":"Dop\u0159ejte o\u010d\u00edm um\u011bl\u00e9 slzy","url":"https:\/\/www.aberto.cz\/doprejte-ocim-umele-slzy\/","datePublished":"2023-05-16","dateModified":"2023-05-16","mainEntityOfPage":"https:\/\/www.aberto.cz\/doprejte-ocim-umele-slzy\/","author":{"@type":"Person","@id":"https:\/\/www.aberto.cz\/author\/#Person","name":"","url":"https:\/\/www.aberto.cz\/author\/","identifier":1,"image":{"@type":"ImageObject","@id":"https:\/\/secure.gravatar.com\/avatar\/40b5f3ce562f556955b189273c919e65fd2efecc17411a60d9172af88d0e5d58?s=96&d=mm&r=g","url":"https:\/\/secure.gravatar.com\/avatar\/40b5f3ce562f556955b189273c919e65fd2efecc17411a60d9172af88d0e5d58?s=96&d=mm&r=g","height":96,"width":96}},"publisher":{"@type":"Organization","name":"aberto.cz","logo":{"@type":"ImageObject","@id":"\/logo.png","url":"\/logo.png","width":600,"height":60}},"image":{"@type":"ImageObject","@id":"https:\/\/www.aberto.cz\/wp-content\/uploads\/img_a312639_w2193_t1523437826.jpg","url":"https:\/\/www.aberto.cz\/wp-content\/uploads\/img_a312639_w2193_t1523437826.jpg","height":0,"width":0},"wordCount":4815,"keywords":null},{"@type":"Article","@id":"https:\/\/www.aberto.cz\/knizni-bestsellery-pro-jaro-2018\/","headline":"Kni\u017en\u00ed bestsellery pro jaro 2018","url":"https:\/\/www.aberto.cz\/knizni-bestsellery-pro-jaro-2018\/","datePublished":"2023-05-16","dateModified":"2023-05-16","mainEntityOfPage":"https:\/\/www.aberto.cz\/knizni-bestsellery-pro-jaro-2018\/","author":{"@type":"Person","@id":"https:\/\/www.aberto.cz\/author\/#Person","name":"","url":"https:\/\/www.aberto.cz\/author\/","identifier":1,"image":{"@type":"ImageObject","@id":"https:\/\/secure.gravatar.com\/avatar\/40b5f3ce562f556955b189273c919e65fd2efecc17411a60d9172af88d0e5d58?s=96&d=mm&r=g","url":"https:\/\/secure.gravatar.com\/avatar\/40b5f3ce562f556955b189273c919e65fd2efecc17411a60d9172af88d0e5d58?s=96&d=mm&r=g","height":96,"width":96}},"publisher":{"@type":"Organization","name":"aberto.cz","logo":{"@type":"ImageObject","@id":"\/logo.png","url":"\/logo.png","width":600,"height":60}},"image":{"@type":"ImageObject","@id":"https:\/\/www.aberto.cz\/wp-content\/uploads\/img_a312560_w2071_t1523431924.jpg","url":"https:\/\/www.aberto.cz\/wp-content\/uploads\/img_a312560_w2071_t1523431924.jpg","height":0,"width":0},"wordCount":471,"keywords":null},{"@type":"Article","@id":"https:\/\/www.aberto.cz\/osmak-degu\/","headline":"OSM\u00c1K DEGU","url":"https:\/\/www.aberto.cz\/osmak-degu\/","datePublished":"2023-05-16","dateModified":"2023-05-16","mainEntityOfPage":"https:\/\/www.aberto.cz\/osmak-degu\/","author":{"@type":"Person","@id":"https:\/\/www.aberto.cz\/author\/#Person","name":"","url":"https:\/\/www.aberto.cz\/author\/","identifier":1,"image":{"@type":"ImageObject","@id":"https:\/\/secure.gravatar.com\/avatar\/40b5f3ce562f556955b189273c919e65fd2efecc17411a60d9172af88d0e5d58?s=96&d=mm&r=g","url":"https:\/\/secure.gravatar.com\/avatar\/40b5f3ce562f556955b189273c919e65fd2efecc17411a60d9172af88d0e5d58?s=96&d=mm&r=g","height":96,"width":96}},"publisher":{"@type":"Organization","name":"aberto.cz","logo":{"@type":"ImageObject","@id":"\/logo.png","url":"\/logo.png","width":600,"height":60}},"image":{"@type":"ImageObject","@id":"https:\/\/www.aberto.cz\/wp-content\/uploads\/img_a312078_w2309_t1523127087.jpg","url":"https:\/\/www.aberto.cz\/wp-content\/uploads\/img_a312078_w2309_t1523127087.jpg","height":0,"width":0},"wordCount":586,"keywords":null},{"@type":"Article","@id":"https:\/\/www.aberto.cz\/zamereno-na-detail\/","headline":"Zam\u011b\u0159eno na detail","url":"https:\/\/www.aberto.cz\/zamereno-na-detail\/","datePublished":"2023-05-16","dateModified":"2023-05-16","mainEntityOfPage":"https:\/\/www.aberto.cz\/zamereno-na-detail\/","author":{"@type":"Person","@id":"https:\/\/www.aberto.cz\/author\/#Person","name":"","url":"https:\/\/www.aberto.cz\/author\/","identifier":1,"image":{"@type":"ImageObject","@id":"https:\/\/secure.gravatar.com\/avatar\/40b5f3ce562f556955b189273c919e65fd2efecc17411a60d9172af88d0e5d58?s=96&d=mm&r=g","url":"https:\/\/secure.gravatar.com\/avatar\/40b5f3ce562f556955b189273c919e65fd2efecc17411a60d9172af88d0e5d58?s=96&d=mm&r=g","height":96,"width":96}},"publisher":{"@type":"Organization","name":"aberto.cz","logo":{"@type":"ImageObject","@id":"\/logo.png","url":"\/logo.png","width":600,"height":60}},"image":{"@type":"ImageObject","@id":"https:\/\/www.aberto.cz\/wp-content\/uploads\/img_a307715_w2170_t1518968537.jpg","url":"https:\/\/www.aberto.cz\/wp-content\/uploads\/img_a307715_w2170_t1518968537.jpg","height":0,"width":0},"wordCount":489,"keywords":null},{"@type":"Article","@id":"https:\/\/www.aberto.cz\/co-pod-pozadi\/","headline":"Co pod pozad\u00ed","url":"https:\/\/www.aberto.cz\/co-pod-pozadi\/","datePublished":"2023-05-16","dateModified":"2023-05-16","mainEntityOfPage":"https:\/\/www.aberto.cz\/co-pod-pozadi\/","author":{"@type":"Person","@id":"https:\/\/www.aberto.cz\/author\/#Person","name":"","url":"https:\/\/www.aberto.cz\/author\/","identifier":1,"image":{"@type":"ImageObject","@id":"https:\/\/secure.gravatar.com\/avatar\/40b5f3ce562f556955b189273c919e65fd2efecc17411a60d9172af88d0e5d58?s=96&d=mm&r=g","url":"https:\/\/secure.gravatar.com\/avatar\/40b5f3ce562f556955b189273c919e65fd2efecc17411a60d9172af88d0e5d58?s=96&d=mm&r=g","height":96,"width":96}},"publisher":{"@type":"Organization","name":"aberto.cz","logo":{"@type":"ImageObject","@id":"\/logo.png","url":"\/logo.png","width":600,"height":60}},"image":{"@type":"ImageObject","@id":"https:\/\/www.aberto.cz\/wp-content\/uploads\/img_a307667_w2251_t1518945768.jpg","url":"https:\/\/www.aberto.cz\/wp-content\/uploads\/img_a307667_w2251_t1518945768.jpg","height":0,"width":0},"wordCount":472,"keywords":null},{"@type":"Article","@id":"https:\/\/www.aberto.cz\/je-skoro-az-trapne-vsechno-shazovat-na-facebook-tak-se-proste-zamerme-na-socialni-site-jako-celek\/","headline":"Je skoro a\u017e trapn\u00e9 v\u0161echno shazovat na Facebook, tak se prost\u011b zam\u011b\u0159me na soci\u00e1ln\u00ed s\u00edt\u011b jako celek","url":"https:\/\/www.aberto.cz\/je-skoro-az-trapne-vsechno-shazovat-na-facebook-tak-se-proste-zamerme-na-socialni-site-jako-celek\/","datePublished":"2023-05-16","dateModified":"2023-05-16","mainEntityOfPage":"https:\/\/www.aberto.cz\/je-skoro-az-trapne-vsechno-shazovat-na-facebook-tak-se-proste-zamerme-na-socialni-site-jako-celek\/","author":{"@type":"Person","@id":"https:\/\/www.aberto.cz\/author\/#Person","name":"","url":"https:\/\/www.aberto.cz\/author\/","identifier":1,"image":{"@type":"ImageObject","@id":"https:\/\/secure.gravatar.com\/avatar\/40b5f3ce562f556955b189273c919e65fd2efecc17411a60d9172af88d0e5d58?s=96&d=mm&r=g","url":"https:\/\/secure.gravatar.com\/avatar\/40b5f3ce562f556955b189273c919e65fd2efecc17411a60d9172af88d0e5d58?s=96&d=mm&r=g","height":96,"width":96}},"publisher":{"@type":"Organization","name":"aberto.cz","logo":{"@type":"ImageObject","@id":"\/logo.png","url":"\/logo.png","width":600,"height":60}},"image":{"@type":"ImageObject","@id":"https:\/\/www.aberto.cz\/wp-content\/uploads\/img_a299905_w2124_t1509963599.jpg","url":"https:\/\/www.aberto.cz\/wp-content\/uploads\/img_a299905_w2124_t1509963599.jpg","height":0,"width":0},"wordCount":596,"keywords":null},{"@type":"Article","@id":"https:\/\/www.aberto.cz\/horska-draha-s-prilehavym-nazvem\/","headline":"Horsk\u00e1 dr\u00e1ha s p\u0159il\u00e9hav\u00fdm n\u00e1zvem","url":"https:\/\/www.aberto.cz\/horska-draha-s-prilehavym-nazvem\/","datePublished":"2023-05-16","dateModified":"2023-05-16","mainEntityOfPage":"https:\/\/www.aberto.cz\/horska-draha-s-prilehavym-nazvem\/","author":{"@type":"Person","@id":"https:\/\/www.aberto.cz\/author\/#Person","name":"","url":"https:\/\/www.aberto.cz\/author\/","identifier":1,"image":{"@type":"ImageObject","@id":"https:\/\/secure.gravatar.com\/avatar\/40b5f3ce562f556955b189273c919e65fd2efecc17411a60d9172af88d0e5d58?s=96&d=mm&r=g","url":"https:\/\/secure.gravatar.com\/avatar\/40b5f3ce562f556955b189273c919e65fd2efecc17411a60d9172af88d0e5d58?s=96&d=mm&r=g","height":96,"width":96}},"publisher":{"@type":"Organization","name":"aberto.cz","logo":{"@type":"ImageObject","@id":"\/logo.png","url":"\/logo.png","width":600,"height":60}},"image":{"@type":"ImageObject","@id":"https:\/\/www.aberto.cz\/wp-content\/uploads\/img_a300746_w2287_t1510775366.jpg","url":"https:\/\/www.aberto.cz\/wp-content\/uploads\/img_a300746_w2287_t1510775366.jpg","height":0,"width":0},"wordCount":467,"keywords":null},{"@type":"Article","@id":"https:\/\/www.aberto.cz\/posuvne-dvere\/","headline":"Posuvn\u00e9 dve\u0159e","url":"https:\/\/www.aberto.cz\/posuvne-dvere\/","datePublished":"2023-05-16","dateModified":"2023-05-16","mainEntityOfPage":"https:\/\/www.aberto.cz\/posuvne-dvere\/","author":{"@type":"Person","@id":"https:\/\/www.aberto.cz\/author\/#Person","name":"","url":"https:\/\/www.aberto.cz\/author\/","identifier":1,"image":{"@type":"ImageObject","@id":"https:\/\/secure.gravatar.com\/avatar\/40b5f3ce562f556955b189273c919e65fd2efecc17411a60d9172af88d0e5d58?s=96&d=mm&r=g","url":"https:\/\/secure.gravatar.com\/avatar\/40b5f3ce562f556955b189273c919e65fd2efecc17411a60d9172af88d0e5d58?s=96&d=mm&r=g","height":96,"width":96}},"publisher":{"@type":"Organization","name":"aberto.cz","logo":{"@type":"ImageObject","@id":"\/logo.png","url":"\/logo.png","width":600,"height":60}},"image":{"@type":"ImageObject","@id":"https:\/\/www.aberto.cz\/wp-content\/uploads\/img_a293550_w1886_t1505822006.jpg","url":"https:\/\/www.aberto.cz\/wp-content\/uploads\/img_a293550_w1886_t1505822006.jpg","height":0,"width":0},"wordCount":455,"keywords":null}]},{"@context":"https:\/\/schema.org","@type":"WebSite","@id":"https:\/\/www.aberto.cz\/#website","name":"Aberto","url":"https:\/\/www.aberto.cz","potentialAction":{"@type":"SearchAction","target":"https:\/\/www.aberto.cz\/?s={search_term_string}","query-input":"required name=search_term_string"}}]