[{"@context":"https:\/\/schema.org\/","@type":"Blog","@id":"https:\/\/www.aberto.cz#Blog","headline":"Aberto","description":"\nPot\u0159ebujete, aby v\u00e1s n\u011bkde m\u011bli r\u00e1di? A doposud jste takov\u00e9 m\u00edsto nena\u0161li? Mo\u017en\u00e1 je to tak jenom proto, \u017ee jste je\u0161t\u011b nenatrefili na n\u00e1\u0161 web.","url":"https:\/\/www.aberto.cz","hasPart":[{"@type":"Article","@id":"https:\/\/www.aberto.cz\/vlastnosti-trekove-obuvi\/","headline":"Vlastnosti trekov\u00e9 obuvi","url":"https:\/\/www.aberto.cz\/vlastnosti-trekove-obuvi\/","datePublished":"2021-12-11","dateModified":"2023-05-17","mainEntityOfPage":"https:\/\/www.aberto.cz\/vlastnosti-trekove-obuvi\/","author":{"@type":"Person","@id":"https:\/\/www.aberto.cz\/author\/#Person","name":"","url":"https:\/\/www.aberto.cz\/author\/","identifier":1,"image":{"@type":"ImageObject","@id":"https:\/\/secure.gravatar.com\/avatar\/40b5f3ce562f556955b189273c919e65fd2efecc17411a60d9172af88d0e5d58?s=96&d=mm&r=g","url":"https:\/\/secure.gravatar.com\/avatar\/40b5f3ce562f556955b189273c919e65fd2efecc17411a60d9172af88d0e5d58?s=96&d=mm&r=g","height":96,"width":96}},"publisher":{"@type":"Organization","name":"aberto.cz","logo":{"@type":"ImageObject","@id":"\/logo.png","url":"\/logo.png","width":600,"height":60}},"image":{"@type":"ImageObject","@id":"https:\/\/www.aberto.cz\/wp-content\/uploads\/trekingove_dobrodruzstvi_na_horach_UXuCcm.jpg","url":"https:\/\/www.aberto.cz\/wp-content\/uploads\/trekingove_dobrodruzstvi_na_horach_UXuCcm.jpg","height":0,"width":0},"wordCount":573,"keywords":null},{"@type":"Article","@id":"https:\/\/www.aberto.cz\/jak-pomahaj-proteiny-pri-hubnuti\/","headline":"Jak pom\u00e1haj proteiny p\u0159i hubnut\u00ed","url":"https:\/\/www.aberto.cz\/jak-pomahaj-proteiny-pri-hubnuti\/","datePublished":"2021-11-27","dateModified":"2023-05-17","mainEntityOfPage":"https:\/\/www.aberto.cz\/jak-pomahaj-proteiny-pri-hubnuti\/","author":{"@type":"Person","@id":"https:\/\/www.aberto.cz\/author\/#Person","name":"","url":"https:\/\/www.aberto.cz\/author\/","identifier":1,"image":{"@type":"ImageObject","@id":"https:\/\/secure.gravatar.com\/avatar\/40b5f3ce562f556955b189273c919e65fd2efecc17411a60d9172af88d0e5d58?s=96&d=mm&r=g","url":"https:\/\/secure.gravatar.com\/avatar\/40b5f3ce562f556955b189273c919e65fd2efecc17411a60d9172af88d0e5d58?s=96&d=mm&r=g","height":96,"width":96}},"publisher":{"@type":"Organization","name":"aberto.cz","logo":{"@type":"ImageObject","@id":"\/logo.png","url":"\/logo.png","width":600,"height":60}},"image":{"@type":"ImageObject","@id":"https:\/\/www.aberto.cz\/wp-content\/uploads\/Sn%C3%ADmek%20obrazovky%202021-12-24%20084537.png","url":"https:\/\/www.aberto.cz\/wp-content\/uploads\/Sn%C3%ADmek%20obrazovky%202021-12-24%20084537.png","height":0,"width":0},"wordCount":639,"keywords":null},{"@type":"Article","@id":"https:\/\/www.aberto.cz\/cisteni-kanalizace-nevdecna-ale-velmi-dulezita-prace\/","headline":"\u010ci\u0161t\u011bn\u00ed kanalizace \u2013 nevd\u011b\u010dn\u00e1, ale velmi d\u016fle\u017eit\u00e1 pr\u00e1ce","url":"https:\/\/www.aberto.cz\/cisteni-kanalizace-nevdecna-ale-velmi-dulezita-prace\/","datePublished":"2021-11-24","dateModified":"2023-05-17","mainEntityOfPage":"https:\/\/www.aberto.cz\/cisteni-kanalizace-nevdecna-ale-velmi-dulezita-prace\/","author":{"@type":"Person","@id":"https:\/\/www.aberto.cz\/author\/#Person","name":"","url":"https:\/\/www.aberto.cz\/author\/","identifier":1,"image":{"@type":"ImageObject","@id":"https:\/\/secure.gravatar.com\/avatar\/40b5f3ce562f556955b189273c919e65fd2efecc17411a60d9172af88d0e5d58?s=96&d=mm&r=g","url":"https:\/\/secure.gravatar.com\/avatar\/40b5f3ce562f556955b189273c919e65fd2efecc17411a60d9172af88d0e5d58?s=96&d=mm&r=g","height":96,"width":96}},"publisher":{"@type":"Organization","name":"aberto.cz","logo":{"@type":"ImageObject","@id":"\/logo.png","url":"\/logo.png","width":600,"height":60}},"image":{"@type":"ImageObject","@id":"https:\/\/www.aberto.cz\/wp-content\/uploads\/sewer-pipes-ge71d6841d_640.jpg","url":"https:\/\/www.aberto.cz\/wp-content\/uploads\/sewer-pipes-ge71d6841d_640.jpg","height":0,"width":0},"wordCount":619,"keywords":null},{"@type":"Article","@id":"https:\/\/www.aberto.cz\/tesi-se-vase-dite-do-skoly-jak-pripravit-budouciho-prvnacka-na-novou-zivotni-cestu\/","headline":"T\u011b\u0161\u00ed se va\u0161e d\u00edt\u011b do \u0161koly? Jak p\u0159ipravit budouc\u00edho prv\u0148\u00e1\u010dka na novou \u017eivotn\u00ed cestu?","url":"https:\/\/www.aberto.cz\/tesi-se-vase-dite-do-skoly-jak-pripravit-budouciho-prvnacka-na-novou-zivotni-cestu\/","datePublished":"2021-11-17","dateModified":"2023-05-17","mainEntityOfPage":"https:\/\/www.aberto.cz\/tesi-se-vase-dite-do-skoly-jak-pripravit-budouciho-prvnacka-na-novou-zivotni-cestu\/","author":{"@type":"Person","@id":"https:\/\/www.aberto.cz\/author\/#Person","name":"","url":"https:\/\/www.aberto.cz\/author\/","identifier":1,"image":{"@type":"ImageObject","@id":"https:\/\/secure.gravatar.com\/avatar\/40b5f3ce562f556955b189273c919e65fd2efecc17411a60d9172af88d0e5d58?s=96&d=mm&r=g","url":"https:\/\/secure.gravatar.com\/avatar\/40b5f3ce562f556955b189273c919e65fd2efecc17411a60d9172af88d0e5d58?s=96&d=mm&r=g","height":96,"width":96}},"publisher":{"@type":"Organization","name":"aberto.cz","logo":{"@type":"ImageObject","@id":"\/logo.png","url":"\/logo.png","width":600,"height":60}},"image":{"@type":"ImageObject","@id":"https:\/\/www.aberto.cz\/wp-content\/uploads\/pexels-photo-8363785.jpeg","url":"https:\/\/www.aberto.cz\/wp-content\/uploads\/pexels-photo-8363785.jpeg","height":0,"width":0},"wordCount":605,"keywords":null},{"@type":"Article","@id":"https:\/\/www.aberto.cz\/tasky-pro-kazdeho-podnikatele-kteremu-zalezi-na-zivotnim-prostredi\/","headline":"Ta\u0161ky pro ka\u017ed\u00e9ho podnikatele, kter\u00e9mu z\u00e1le\u017e\u00ed na \u017eivotn\u00edm prost\u0159ed\u00ed","url":"https:\/\/www.aberto.cz\/tasky-pro-kazdeho-podnikatele-kteremu-zalezi-na-zivotnim-prostredi\/","datePublished":"2021-11-10","dateModified":"2023-05-17","mainEntityOfPage":"https:\/\/www.aberto.cz\/tasky-pro-kazdeho-podnikatele-kteremu-zalezi-na-zivotnim-prostredi\/","author":{"@type":"Person","@id":"https:\/\/www.aberto.cz\/author\/#Person","name":"","url":"https:\/\/www.aberto.cz\/author\/","identifier":1,"image":{"@type":"ImageObject","@id":"https:\/\/secure.gravatar.com\/avatar\/40b5f3ce562f556955b189273c919e65fd2efecc17411a60d9172af88d0e5d58?s=96&d=mm&r=g","url":"https:\/\/secure.gravatar.com\/avatar\/40b5f3ce562f556955b189273c919e65fd2efecc17411a60d9172af88d0e5d58?s=96&d=mm&r=g","height":96,"width":96}},"publisher":{"@type":"Organization","name":"aberto.cz","logo":{"@type":"ImageObject","@id":"\/logo.png","url":"\/logo.png","width":600,"height":60}},"image":{"@type":"ImageObject","@id":"https:\/\/www.aberto.cz\/wp-content\/uploads\/shop-g1bfecd0e0_1920.jpg","url":"https:\/\/www.aberto.cz\/wp-content\/uploads\/shop-g1bfecd0e0_1920.jpg","height":0,"width":0},"wordCount":549,"keywords":null},{"@type":"Article","@id":"https:\/\/www.aberto.cz\/it-a-pocitace\/","headline":"IT a po\u010d\u00edta\u010de","url":"https:\/\/www.aberto.cz\/it-a-pocitace\/","datePublished":"2021-09-30","dateModified":"2023-05-17","mainEntityOfPage":"https:\/\/www.aberto.cz\/it-a-pocitace\/","author":{"@type":"Person","@id":"https:\/\/www.aberto.cz\/author\/#Person","name":"","url":"https:\/\/www.aberto.cz\/author\/","identifier":1,"image":{"@type":"ImageObject","@id":"https:\/\/secure.gravatar.com\/avatar\/40b5f3ce562f556955b189273c919e65fd2efecc17411a60d9172af88d0e5d58?s=96&d=mm&r=g","url":"https:\/\/secure.gravatar.com\/avatar\/40b5f3ce562f556955b189273c919e65fd2efecc17411a60d9172af88d0e5d58?s=96&d=mm&r=g","height":96,"width":96}},"publisher":{"@type":"Organization","name":"aberto.cz","logo":{"@type":"ImageObject","@id":"\/logo.png","url":"\/logo.png","width":600,"height":60}},"image":{"@type":"ImageObject","@id":"https:\/\/www.aberto.cz\/wp-content\/uploads\/web-3706561_960_720_2.jpg","url":"https:\/\/www.aberto.cz\/wp-content\/uploads\/web-3706561_960_720_2.jpg","height":0,"width":0},"wordCount":563,"keywords":null},{"@type":"Article","@id":"https:\/\/www.aberto.cz\/zivot-je-jako-ticha-posta\/","headline":"\u017divot je jako tich\u00e1 po\u0161ta","url":"https:\/\/www.aberto.cz\/zivot-je-jako-ticha-posta\/","datePublished":"2021-09-07","dateModified":"2023-05-17","mainEntityOfPage":"https:\/\/www.aberto.cz\/zivot-je-jako-ticha-posta\/","author":{"@type":"Person","@id":"https:\/\/www.aberto.cz\/author\/#Person","name":"","url":"https:\/\/www.aberto.cz\/author\/","identifier":1,"image":{"@type":"ImageObject","@id":"https:\/\/secure.gravatar.com\/avatar\/40b5f3ce562f556955b189273c919e65fd2efecc17411a60d9172af88d0e5d58?s=96&d=mm&r=g","url":"https:\/\/secure.gravatar.com\/avatar\/40b5f3ce562f556955b189273c919e65fd2efecc17411a60d9172af88d0e5d58?s=96&d=mm&r=g","height":96,"width":96}},"publisher":{"@type":"Organization","name":"aberto.cz","logo":{"@type":"ImageObject","@id":"\/logo.png","url":"\/logo.png","width":600,"height":60}},"image":{"@type":"ImageObject","@id":"https:\/\/www.aberto.cz\/wp-content\/uploads\/gossip-532012_640.jpg","url":"https:\/\/www.aberto.cz\/wp-content\/uploads\/gossip-532012_640.jpg","height":0,"width":0},"wordCount":544,"keywords":null},{"@type":"Article","@id":"https:\/\/www.aberto.cz\/revize-elektrospotrebicu-odhali-i-skryte-zavady-na-svitidlech\/","headline":"Revize elektrospot\u0159ebi\u010d\u016f odhal\u00ed i skryt\u00e9 z\u00e1vady na sv\u00edtidlech","url":"https:\/\/www.aberto.cz\/revize-elektrospotrebicu-odhali-i-skryte-zavady-na-svitidlech\/","datePublished":"2021-08-02","dateModified":"2023-05-17","mainEntityOfPage":"https:\/\/www.aberto.cz\/revize-elektrospotrebicu-odhali-i-skryte-zavady-na-svitidlech\/","author":{"@type":"Person","@id":"https:\/\/www.aberto.cz\/author\/#Person","name":"","url":"https:\/\/www.aberto.cz\/author\/","identifier":1,"image":{"@type":"ImageObject","@id":"https:\/\/secure.gravatar.com\/avatar\/40b5f3ce562f556955b189273c919e65fd2efecc17411a60d9172af88d0e5d58?s=96&d=mm&r=g","url":"https:\/\/secure.gravatar.com\/avatar\/40b5f3ce562f556955b189273c919e65fd2efecc17411a60d9172af88d0e5d58?s=96&d=mm&r=g","height":96,"width":96}},"publisher":{"@type":"Organization","name":"aberto.cz","logo":{"@type":"ImageObject","@id":"\/logo.png","url":"\/logo.png","width":600,"height":60}},"image":{"@type":"ImageObject","@id":"https:\/\/www.aberto.cz\/wp-content\/uploads\/ceiling-lamp-g055073161_640.jpg","url":"https:\/\/www.aberto.cz\/wp-content\/uploads\/ceiling-lamp-g055073161_640.jpg","height":0,"width":0},"wordCount":612,"keywords":null},{"@type":"Article","@id":"https:\/\/www.aberto.cz\/coz-takhle-nebankovni-spolecnost\/","headline":"Co\u017e takhle nebankovn\u00ed spole\u010dnost?","url":"https:\/\/www.aberto.cz\/coz-takhle-nebankovni-spolecnost\/","datePublished":"2021-07-20","dateModified":"2023-05-17","mainEntityOfPage":"https:\/\/www.aberto.cz\/coz-takhle-nebankovni-spolecnost\/","author":{"@type":"Person","@id":"https:\/\/www.aberto.cz\/author\/#Person","name":"","url":"https:\/\/www.aberto.cz\/author\/","identifier":1,"image":{"@type":"ImageObject","@id":"https:\/\/secure.gravatar.com\/avatar\/40b5f3ce562f556955b189273c919e65fd2efecc17411a60d9172af88d0e5d58?s=96&d=mm&r=g","url":"https:\/\/secure.gravatar.com\/avatar\/40b5f3ce562f556955b189273c919e65fd2efecc17411a60d9172af88d0e5d58?s=96&d=mm&r=g","height":96,"width":96}},"publisher":{"@type":"Organization","name":"aberto.cz","logo":{"@type":"ImageObject","@id":"\/logo.png","url":"\/logo.png","width":600,"height":60}},"image":{"@type":"ImageObject","@id":"https:\/\/www.aberto.cz\/wp-content\/uploads\/mince%20USA_10.jpg","url":"https:\/\/www.aberto.cz\/wp-content\/uploads\/mince%20USA_10.jpg","height":0,"width":0},"wordCount":743,"keywords":null},{"@type":"Article","@id":"https:\/\/www.aberto.cz\/zhubnete-pomoci-jidelnicku\/","headline":"Zhubn\u011bte pomoc\u00ed j\u00eddeln\u00ed\u010dku","url":"https:\/\/www.aberto.cz\/zhubnete-pomoci-jidelnicku\/","datePublished":"2021-05-15","dateModified":"2023-05-17","mainEntityOfPage":"https:\/\/www.aberto.cz\/zhubnete-pomoci-jidelnicku\/","author":{"@type":"Person","@id":"https:\/\/www.aberto.cz\/author\/#Person","name":"","url":"https:\/\/www.aberto.cz\/author\/","identifier":1,"image":{"@type":"ImageObject","@id":"https:\/\/secure.gravatar.com\/avatar\/40b5f3ce562f556955b189273c919e65fd2efecc17411a60d9172af88d0e5d58?s=96&d=mm&r=g","url":"https:\/\/secure.gravatar.com\/avatar\/40b5f3ce562f556955b189273c919e65fd2efecc17411a60d9172af88d0e5d58?s=96&d=mm&r=g","height":96,"width":96}},"publisher":{"@type":"Organization","name":"aberto.cz","logo":{"@type":"ImageObject","@id":"\/logo.png","url":"\/logo.png","width":600,"height":60}},"image":{"@type":"ImageObject","@id":"https:\/\/www.aberto.cz\/wp-content\/uploads\/Celozrnn%C3%A9%20pe%C4%8Divo_1.jpg","url":"https:\/\/www.aberto.cz\/wp-content\/uploads\/Celozrnn%C3%A9%20pe%C4%8Divo_1.jpg","height":0,"width":0},"wordCount":724,"keywords":null}]},{"@context":"https:\/\/schema.org","@type":"WebSite","@id":"https:\/\/www.aberto.cz\/#website","name":"Aberto","url":"https:\/\/www.aberto.cz","potentialAction":{"@type":"SearchAction","target":"https:\/\/www.aberto.cz\/?s={search_term_string}","query-input":"required name=search_term_string"}}]