[{"@context":"https:\/\/schema.org\/","@type":"Blog","@id":"https:\/\/www.aberto.cz#Blog","headline":"Aberto","description":"\nPot\u0159ebujete, aby v\u00e1s n\u011bkde m\u011bli r\u00e1di? A doposud jste takov\u00e9 m\u00edsto nena\u0161li? Mo\u017en\u00e1 je to tak jenom proto, \u017ee jste je\u0161t\u011b nenatrefili na n\u00e1\u0161 web.","url":"https:\/\/www.aberto.cz","hasPart":[{"@type":"Article","@id":"https:\/\/www.aberto.cz\/dame-si-vinecko\/","headline":"D\u00e1me si v\u00edne\u010dko","url":"https:\/\/www.aberto.cz\/dame-si-vinecko\/","datePublished":"2025-07-01","dateModified":"2025-07-01","mainEntityOfPage":"https:\/\/www.aberto.cz\/dame-si-vinecko\/","author":{"@type":"Person","@id":"https:\/\/www.aberto.cz\/author\/#Person","name":"","url":"https:\/\/www.aberto.cz\/author\/","identifier":1,"image":{"@type":"ImageObject","@id":"https:\/\/secure.gravatar.com\/avatar\/40b5f3ce562f556955b189273c919e65fd2efecc17411a60d9172af88d0e5d58?s=96&d=mm&r=g","url":"https:\/\/secure.gravatar.com\/avatar\/40b5f3ce562f556955b189273c919e65fd2efecc17411a60d9172af88d0e5d58?s=96&d=mm&r=g","height":96,"width":96}},"publisher":{"@type":"Organization","name":"aberto.cz","logo":{"@type":"ImageObject","@id":"\/logo.png","url":"\/logo.png","width":600,"height":60}},"image":{"@type":"ImageObject","@id":"https:\/\/www.aberto.cz\/wp-content\/uploads\/wine-1543172_640.jpg","url":"https:\/\/www.aberto.cz\/wp-content\/uploads\/wine-1543172_640.jpg","height":0,"width":0},"wordCount":642,"keywords":null},{"@type":"Article","@id":"https:\/\/www.aberto.cz\/budte-originalni-s-potisky-na-sklenicky\/","headline":"Bu\u010fte origin\u00e1ln\u00ed s potisky na skleni\u010dky","url":"https:\/\/www.aberto.cz\/budte-originalni-s-potisky-na-sklenicky\/","datePublished":"2025-06-03","dateModified":"2025-06-03","mainEntityOfPage":"https:\/\/www.aberto.cz\/budte-originalni-s-potisky-na-sklenicky\/","author":{"@type":"Person","@id":"https:\/\/www.aberto.cz\/author\/#Person","name":"","url":"https:\/\/www.aberto.cz\/author\/","identifier":1,"image":{"@type":"ImageObject","@id":"https:\/\/secure.gravatar.com\/avatar\/40b5f3ce562f556955b189273c919e65fd2efecc17411a60d9172af88d0e5d58?s=96&d=mm&r=g","url":"https:\/\/secure.gravatar.com\/avatar\/40b5f3ce562f556955b189273c919e65fd2efecc17411a60d9172af88d0e5d58?s=96&d=mm&r=g","height":96,"width":96}},"publisher":{"@type":"Organization","name":"aberto.cz","logo":{"@type":"ImageObject","@id":"\/logo.png","url":"\/logo.png","width":600,"height":60}},"image":{"@type":"ImageObject","@id":"https:\/\/www.aberto.cz\/wp-content\/uploads\/meal-7069823_640.jpg","url":"https:\/\/www.aberto.cz\/wp-content\/uploads\/meal-7069823_640.jpg","height":0,"width":0},"wordCount":582,"keywords":null},{"@type":"Article","@id":"https:\/\/www.aberto.cz\/mnoho-druhu-nasich-regalu\/","headline":"Mnoho druh\u016f na\u0161ich reg\u00e1l\u016f","url":"https:\/\/www.aberto.cz\/mnoho-druhu-nasich-regalu\/","datePublished":"2025-04-25","dateModified":"2025-04-25","mainEntityOfPage":"https:\/\/www.aberto.cz\/mnoho-druhu-nasich-regalu\/","author":{"@type":"Person","@id":"https:\/\/www.aberto.cz\/author\/#Person","name":"","url":"https:\/\/www.aberto.cz\/author\/","identifier":1,"image":{"@type":"ImageObject","@id":"https:\/\/secure.gravatar.com\/avatar\/40b5f3ce562f556955b189273c919e65fd2efecc17411a60d9172af88d0e5d58?s=96&d=mm&r=g","url":"https:\/\/secure.gravatar.com\/avatar\/40b5f3ce562f556955b189273c919e65fd2efecc17411a60d9172af88d0e5d58?s=96&d=mm&r=g","height":96,"width":96}},"publisher":{"@type":"Organization","name":"aberto.cz","logo":{"@type":"ImageObject","@id":"\/logo.png","url":"\/logo.png","width":600,"height":60}},"image":null,"wordCount":215,"keywords":null},{"@type":"Article","@id":"https:\/\/www.aberto.cz\/vyuzijte-skvele-cenove-nabidky-na-nase-stresni-okna\/","headline":"Vyu\u017eijte skv\u011bl\u00e9 cenov\u00e9 nab\u00eddky na na\u0161e st\u0159e\u0161n\u00ed okna","url":"https:\/\/www.aberto.cz\/vyuzijte-skvele-cenove-nabidky-na-nase-stresni-okna\/","datePublished":"2025-04-16","dateModified":"2025-04-16","mainEntityOfPage":"https:\/\/www.aberto.cz\/vyuzijte-skvele-cenove-nabidky-na-nase-stresni-okna\/","author":{"@type":"Person","@id":"https:\/\/www.aberto.cz\/author\/#Person","name":"","url":"https:\/\/www.aberto.cz\/author\/","identifier":1,"image":{"@type":"ImageObject","@id":"https:\/\/secure.gravatar.com\/avatar\/40b5f3ce562f556955b189273c919e65fd2efecc17411a60d9172af88d0e5d58?s=96&d=mm&r=g","url":"https:\/\/secure.gravatar.com\/avatar\/40b5f3ce562f556955b189273c919e65fd2efecc17411a60d9172af88d0e5d58?s=96&d=mm&r=g","height":96,"width":96}},"publisher":{"@type":"Organization","name":"aberto.cz","logo":{"@type":"ImageObject","@id":"\/logo.png","url":"\/logo.png","width":600,"height":60}},"image":null,"wordCount":220,"keywords":null},{"@type":"Article","@id":"https:\/\/www.aberto.cz\/objednejte-a-snezte-doma\/","headline":"Objednejte a sn\u011bzte doma","url":"https:\/\/www.aberto.cz\/objednejte-a-snezte-doma\/","datePublished":"2025-04-11","dateModified":"2025-04-11","mainEntityOfPage":"https:\/\/www.aberto.cz\/objednejte-a-snezte-doma\/","author":{"@type":"Person","@id":"https:\/\/www.aberto.cz\/author\/#Person","name":"","url":"https:\/\/www.aberto.cz\/author\/","identifier":1,"image":{"@type":"ImageObject","@id":"https:\/\/secure.gravatar.com\/avatar\/40b5f3ce562f556955b189273c919e65fd2efecc17411a60d9172af88d0e5d58?s=96&d=mm&r=g","url":"https:\/\/secure.gravatar.com\/avatar\/40b5f3ce562f556955b189273c919e65fd2efecc17411a60d9172af88d0e5d58?s=96&d=mm&r=g","height":96,"width":96}},"publisher":{"@type":"Organization","name":"aberto.cz","logo":{"@type":"ImageObject","@id":"\/logo.png","url":"\/logo.png","width":600,"height":60}},"image":null,"wordCount":220,"keywords":null},{"@type":"Article","@id":"https:\/\/www.aberto.cz\/kdo-muze-podnikatelum-pomoci\/","headline":"Kdo m\u016f\u017ee podnikatel\u016fm pomoci?","url":"https:\/\/www.aberto.cz\/kdo-muze-podnikatelum-pomoci\/","datePublished":"2025-04-07","dateModified":"2025-04-07","mainEntityOfPage":"https:\/\/www.aberto.cz\/kdo-muze-podnikatelum-pomoci\/","author":{"@type":"Person","@id":"https:\/\/www.aberto.cz\/author\/#Person","name":"","url":"https:\/\/www.aberto.cz\/author\/","identifier":1,"image":{"@type":"ImageObject","@id":"https:\/\/secure.gravatar.com\/avatar\/40b5f3ce562f556955b189273c919e65fd2efecc17411a60d9172af88d0e5d58?s=96&d=mm&r=g","url":"https:\/\/secure.gravatar.com\/avatar\/40b5f3ce562f556955b189273c919e65fd2efecc17411a60d9172af88d0e5d58?s=96&d=mm&r=g","height":96,"width":96}},"publisher":{"@type":"Organization","name":"aberto.cz","logo":{"@type":"ImageObject","@id":"\/logo.png","url":"\/logo.png","width":600,"height":60}},"image":{"@type":"ImageObject","@id":"https:\/\/www.aberto.cz\/wp-content\/uploads\/pppppppppppppppppppppppppppppppp_10_9.jpg","url":"https:\/\/www.aberto.cz\/wp-content\/uploads\/pppppppppppppppppppppppppppppppp_10_9.jpg","height":0,"width":0},"wordCount":656,"keywords":null},{"@type":"Article","@id":"https:\/\/www.aberto.cz\/tommy-hilfiger\/","headline":"Tommy Hilfiger","url":"https:\/\/www.aberto.cz\/tommy-hilfiger\/","datePublished":"2025-04-02","dateModified":"2025-04-02","mainEntityOfPage":"https:\/\/www.aberto.cz\/tommy-hilfiger\/","author":{"@type":"Person","@id":"https:\/\/www.aberto.cz\/author\/#Person","name":"","url":"https:\/\/www.aberto.cz\/author\/","identifier":1,"image":{"@type":"ImageObject","@id":"https:\/\/secure.gravatar.com\/avatar\/40b5f3ce562f556955b189273c919e65fd2efecc17411a60d9172af88d0e5d58?s=96&d=mm&r=g","url":"https:\/\/secure.gravatar.com\/avatar\/40b5f3ce562f556955b189273c919e65fd2efecc17411a60d9172af88d0e5d58?s=96&d=mm&r=g","height":96,"width":96}},"publisher":{"@type":"Organization","name":"aberto.cz","logo":{"@type":"ImageObject","@id":"\/logo.png","url":"\/logo.png","width":600,"height":60}},"image":null,"wordCount":248,"keywords":null},{"@type":"Article","@id":"https:\/\/www.aberto.cz\/potrebujete-prvni-dlouhe-saty\/","headline":"Pot\u0159ebujete prvn\u00ed dlouh\u00e9 \u0161aty?","url":"https:\/\/www.aberto.cz\/potrebujete-prvni-dlouhe-saty\/","datePublished":"2025-03-29","dateModified":"2025-03-29","mainEntityOfPage":"https:\/\/www.aberto.cz\/potrebujete-prvni-dlouhe-saty\/","author":{"@type":"Person","@id":"https:\/\/www.aberto.cz\/author\/#Person","name":"","url":"https:\/\/www.aberto.cz\/author\/","identifier":1,"image":{"@type":"ImageObject","@id":"https:\/\/secure.gravatar.com\/avatar\/40b5f3ce562f556955b189273c919e65fd2efecc17411a60d9172af88d0e5d58?s=96&d=mm&r=g","url":"https:\/\/secure.gravatar.com\/avatar\/40b5f3ce562f556955b189273c919e65fd2efecc17411a60d9172af88d0e5d58?s=96&d=mm&r=g","height":96,"width":96}},"publisher":{"@type":"Organization","name":"aberto.cz","logo":{"@type":"ImageObject","@id":"\/logo.png","url":"\/logo.png","width":600,"height":60}},"image":{"@type":"ImageObject","@id":"https:\/\/www.aberto.cz\/wp-content\/uploads\/woman-5864279_640_1.jpg","url":"https:\/\/www.aberto.cz\/wp-content\/uploads\/woman-5864279_640_1.jpg","height":0,"width":0},"wordCount":560,"keywords":null},{"@type":"Article","@id":"https:\/\/www.aberto.cz\/pojdte-k-nam\/","headline":"Poj\u010fte k n\u00e1m","url":"https:\/\/www.aberto.cz\/pojdte-k-nam\/","datePublished":"2025-03-23","dateModified":"2025-03-23","mainEntityOfPage":"https:\/\/www.aberto.cz\/pojdte-k-nam\/","author":{"@type":"Person","@id":"https:\/\/www.aberto.cz\/author\/#Person","name":"","url":"https:\/\/www.aberto.cz\/author\/","identifier":1,"image":{"@type":"ImageObject","@id":"https:\/\/secure.gravatar.com\/avatar\/40b5f3ce562f556955b189273c919e65fd2efecc17411a60d9172af88d0e5d58?s=96&d=mm&r=g","url":"https:\/\/secure.gravatar.com\/avatar\/40b5f3ce562f556955b189273c919e65fd2efecc17411a60d9172af88d0e5d58?s=96&d=mm&r=g","height":96,"width":96}},"publisher":{"@type":"Organization","name":"aberto.cz","logo":{"@type":"ImageObject","@id":"\/logo.png","url":"\/logo.png","width":600,"height":60}},"image":null,"wordCount":234,"keywords":null},{"@type":"Article","@id":"https:\/\/www.aberto.cz\/jak-najit-vnitrni-klid\/","headline":"Jak naj\u00edt vnit\u0159n\u00ed klid?","url":"https:\/\/www.aberto.cz\/jak-najit-vnitrni-klid\/","datePublished":"2025-03-22","dateModified":"2025-03-22","mainEntityOfPage":"https:\/\/www.aberto.cz\/jak-najit-vnitrni-klid\/","author":{"@type":"Person","@id":"https:\/\/www.aberto.cz\/author\/#Person","name":"","url":"https:\/\/www.aberto.cz\/author\/","identifier":1,"image":{"@type":"ImageObject","@id":"https:\/\/secure.gravatar.com\/avatar\/40b5f3ce562f556955b189273c919e65fd2efecc17411a60d9172af88d0e5d58?s=96&d=mm&r=g","url":"https:\/\/secure.gravatar.com\/avatar\/40b5f3ce562f556955b189273c919e65fd2efecc17411a60d9172af88d0e5d58?s=96&d=mm&r=g","height":96,"width":96}},"publisher":{"@type":"Organization","name":"aberto.cz","logo":{"@type":"ImageObject","@id":"\/logo.png","url":"\/logo.png","width":600,"height":60}},"image":{"@type":"ImageObject","@id":"https:\/\/www.aberto.cz\/wp-content\/uploads\/psychologist-6741715_640.png","url":"https:\/\/www.aberto.cz\/wp-content\/uploads\/psychologist-6741715_640.png","height":0,"width":0},"wordCount":647,"keywords":null}]},{"@context":"https:\/\/schema.org","@type":"WebSite","@id":"https:\/\/www.aberto.cz\/#website","name":"Aberto","url":"https:\/\/www.aberto.cz","potentialAction":{"@type":"SearchAction","target":"https:\/\/www.aberto.cz\/?s={search_term_string}","query-input":"required name=search_term_string"}}]