[{"@context":"https:\/\/schema.org\/","@type":"Blog","@id":"https:\/\/www.aberto.cz#Blog","headline":"Aberto","description":"\nPot\u0159ebujete, aby v\u00e1s n\u011bkde m\u011bli r\u00e1di? A doposud jste takov\u00e9 m\u00edsto nena\u0161li? Mo\u017en\u00e1 je to tak jenom proto, \u017ee jste je\u0161t\u011b nenatrefili na n\u00e1\u0161 web.","url":"https:\/\/www.aberto.cz","hasPart":[{"@type":"Article","@id":"https:\/\/www.aberto.cz\/materska-skolka\/","headline":"Mate\u0159sk\u00e1 \u0161kolka","url":"https:\/\/www.aberto.cz\/materska-skolka\/","datePublished":"2024-12-13","dateModified":"2024-12-13","mainEntityOfPage":"https:\/\/www.aberto.cz\/materska-skolka\/","author":{"@type":"Person","@id":"https:\/\/www.aberto.cz\/author\/#Person","name":"","url":"https:\/\/www.aberto.cz\/author\/","identifier":1,"image":{"@type":"ImageObject","@id":"https:\/\/secure.gravatar.com\/avatar\/40b5f3ce562f556955b189273c919e65fd2efecc17411a60d9172af88d0e5d58?s=96&d=mm&r=g","url":"https:\/\/secure.gravatar.com\/avatar\/40b5f3ce562f556955b189273c919e65fd2efecc17411a60d9172af88d0e5d58?s=96&d=mm&r=g","height":96,"width":96}},"publisher":{"@type":"Organization","name":"aberto.cz","logo":{"@type":"ImageObject","@id":"\/logo.png","url":"\/logo.png","width":600,"height":60}},"image":null,"wordCount":253,"keywords":null},{"@type":"Article","@id":"https:\/\/www.aberto.cz\/kdyz-prijemne-chvile-tak-eroticka-masaz\/","headline":"Kdy\u017e p\u0159\u00edjemn\u00e9 chv\u00edle, tak erotick\u00e1 mas\u00e1\u017e","url":"https:\/\/www.aberto.cz\/kdyz-prijemne-chvile-tak-eroticka-masaz\/","datePublished":"2024-12-08","dateModified":"2024-12-08","mainEntityOfPage":"https:\/\/www.aberto.cz\/kdyz-prijemne-chvile-tak-eroticka-masaz\/","author":{"@type":"Person","@id":"https:\/\/www.aberto.cz\/author\/#Person","name":"","url":"https:\/\/www.aberto.cz\/author\/","identifier":1,"image":{"@type":"ImageObject","@id":"https:\/\/secure.gravatar.com\/avatar\/40b5f3ce562f556955b189273c919e65fd2efecc17411a60d9172af88d0e5d58?s=96&d=mm&r=g","url":"https:\/\/secure.gravatar.com\/avatar\/40b5f3ce562f556955b189273c919e65fd2efecc17411a60d9172af88d0e5d58?s=96&d=mm&r=g","height":96,"width":96}},"publisher":{"@type":"Organization","name":"aberto.cz","logo":{"@type":"ImageObject","@id":"\/logo.png","url":"\/logo.png","width":600,"height":60}},"image":null,"wordCount":310,"keywords":null},{"@type":"Article","@id":"https:\/\/www.aberto.cz\/nejnovejsi-generace-nad-hlavou\/","headline":"Nejnov\u011bj\u0161\u00ed generace nad hlavou","url":"https:\/\/www.aberto.cz\/nejnovejsi-generace-nad-hlavou\/","datePublished":"2024-11-30","dateModified":"2024-11-30","mainEntityOfPage":"https:\/\/www.aberto.cz\/nejnovejsi-generace-nad-hlavou\/","author":{"@type":"Person","@id":"https:\/\/www.aberto.cz\/author\/#Person","name":"","url":"https:\/\/www.aberto.cz\/author\/","identifier":1,"image":{"@type":"ImageObject","@id":"https:\/\/secure.gravatar.com\/avatar\/40b5f3ce562f556955b189273c919e65fd2efecc17411a60d9172af88d0e5d58?s=96&d=mm&r=g","url":"https:\/\/secure.gravatar.com\/avatar\/40b5f3ce562f556955b189273c919e65fd2efecc17411a60d9172af88d0e5d58?s=96&d=mm&r=g","height":96,"width":96}},"publisher":{"@type":"Organization","name":"aberto.cz","logo":{"@type":"ImageObject","@id":"\/logo.png","url":"\/logo.png","width":600,"height":60}},"image":null,"wordCount":224,"keywords":null},{"@type":"Article","@id":"https:\/\/www.aberto.cz\/chcete-zpet-vas-poklidny-zivot-bez-dluhu\/","headline":"Chcete zp\u011bt V\u00e1\u0161 poklidn\u00fd \u017eivot bez dluh\u016f","url":"https:\/\/www.aberto.cz\/chcete-zpet-vas-poklidny-zivot-bez-dluhu\/","datePublished":"2024-11-24","dateModified":"2024-11-24","mainEntityOfPage":"https:\/\/www.aberto.cz\/chcete-zpet-vas-poklidny-zivot-bez-dluhu\/","author":{"@type":"Person","@id":"https:\/\/www.aberto.cz\/author\/#Person","name":"","url":"https:\/\/www.aberto.cz\/author\/","identifier":1,"image":{"@type":"ImageObject","@id":"https:\/\/secure.gravatar.com\/avatar\/40b5f3ce562f556955b189273c919e65fd2efecc17411a60d9172af88d0e5d58?s=96&d=mm&r=g","url":"https:\/\/secure.gravatar.com\/avatar\/40b5f3ce562f556955b189273c919e65fd2efecc17411a60d9172af88d0e5d58?s=96&d=mm&r=g","height":96,"width":96}},"publisher":{"@type":"Organization","name":"aberto.cz","logo":{"@type":"ImageObject","@id":"\/logo.png","url":"\/logo.png","width":600,"height":60}},"image":null,"wordCount":213,"keywords":null},{"@type":"Article","@id":"https:\/\/www.aberto.cz\/budte-originalni\/","headline":"Bu\u010fte origin\u00e1ln\u00ed","url":"https:\/\/www.aberto.cz\/budte-originalni\/","datePublished":"2024-11-15","dateModified":"2024-11-15","mainEntityOfPage":"https:\/\/www.aberto.cz\/budte-originalni\/","author":{"@type":"Person","@id":"https:\/\/www.aberto.cz\/author\/#Person","name":"","url":"https:\/\/www.aberto.cz\/author\/","identifier":1,"image":{"@type":"ImageObject","@id":"https:\/\/secure.gravatar.com\/avatar\/40b5f3ce562f556955b189273c919e65fd2efecc17411a60d9172af88d0e5d58?s=96&d=mm&r=g","url":"https:\/\/secure.gravatar.com\/avatar\/40b5f3ce562f556955b189273c919e65fd2efecc17411a60d9172af88d0e5d58?s=96&d=mm&r=g","height":96,"width":96}},"publisher":{"@type":"Organization","name":"aberto.cz","logo":{"@type":"ImageObject","@id":"\/logo.png","url":"\/logo.png","width":600,"height":60}},"image":null,"wordCount":248,"keywords":null},{"@type":"Article","@id":"https:\/\/www.aberto.cz\/nepremyslejte-konejte\/","headline":"Nep\u0159em\u00fd\u0161lejte, konejte","url":"https:\/\/www.aberto.cz\/nepremyslejte-konejte\/","datePublished":"2024-11-09","dateModified":"2024-11-09","mainEntityOfPage":"https:\/\/www.aberto.cz\/nepremyslejte-konejte\/","author":{"@type":"Person","@id":"https:\/\/www.aberto.cz\/author\/#Person","name":"","url":"https:\/\/www.aberto.cz\/author\/","identifier":1,"image":{"@type":"ImageObject","@id":"https:\/\/secure.gravatar.com\/avatar\/40b5f3ce562f556955b189273c919e65fd2efecc17411a60d9172af88d0e5d58?s=96&d=mm&r=g","url":"https:\/\/secure.gravatar.com\/avatar\/40b5f3ce562f556955b189273c919e65fd2efecc17411a60d9172af88d0e5d58?s=96&d=mm&r=g","height":96,"width":96}},"publisher":{"@type":"Organization","name":"aberto.cz","logo":{"@type":"ImageObject","@id":"\/logo.png","url":"\/logo.png","width":600,"height":60}},"image":null,"wordCount":226,"keywords":null},{"@type":"Article","@id":"https:\/\/www.aberto.cz\/najdete-co-hledate\/","headline":"Najd\u011bte, co hled\u00e1te","url":"https:\/\/www.aberto.cz\/najdete-co-hledate\/","datePublished":"2024-11-03","dateModified":"2024-11-03","mainEntityOfPage":"https:\/\/www.aberto.cz\/najdete-co-hledate\/","author":{"@type":"Person","@id":"https:\/\/www.aberto.cz\/author\/#Person","name":"","url":"https:\/\/www.aberto.cz\/author\/","identifier":1,"image":{"@type":"ImageObject","@id":"https:\/\/secure.gravatar.com\/avatar\/40b5f3ce562f556955b189273c919e65fd2efecc17411a60d9172af88d0e5d58?s=96&d=mm&r=g","url":"https:\/\/secure.gravatar.com\/avatar\/40b5f3ce562f556955b189273c919e65fd2efecc17411a60d9172af88d0e5d58?s=96&d=mm&r=g","height":96,"width":96}},"publisher":{"@type":"Organization","name":"aberto.cz","logo":{"@type":"ImageObject","@id":"\/logo.png","url":"\/logo.png","width":600,"height":60}},"image":null,"wordCount":303,"keywords":null},{"@type":"Article","@id":"https:\/\/www.aberto.cz\/stehovani\/","headline":"St\u011bhov\u00e1n\u00ed","url":"https:\/\/www.aberto.cz\/stehovani\/","datePublished":"2024-10-26","dateModified":"2024-10-26","mainEntityOfPage":"https:\/\/www.aberto.cz\/stehovani\/","author":{"@type":"Person","@id":"https:\/\/www.aberto.cz\/author\/#Person","name":"","url":"https:\/\/www.aberto.cz\/author\/","identifier":1,"image":{"@type":"ImageObject","@id":"https:\/\/secure.gravatar.com\/avatar\/40b5f3ce562f556955b189273c919e65fd2efecc17411a60d9172af88d0e5d58?s=96&d=mm&r=g","url":"https:\/\/secure.gravatar.com\/avatar\/40b5f3ce562f556955b189273c919e65fd2efecc17411a60d9172af88d0e5d58?s=96&d=mm&r=g","height":96,"width":96}},"publisher":{"@type":"Organization","name":"aberto.cz","logo":{"@type":"ImageObject","@id":"\/logo.png","url":"\/logo.png","width":600,"height":60}},"image":null,"wordCount":247,"keywords":null},{"@type":"Article","@id":"https:\/\/www.aberto.cz\/jak-prozit-zimu-levne-a-v-teplicku\/","headline":"Jak pro\u017e\u00edt zimu levn\u011b a v tepl\u00ed\u010dku?","url":"https:\/\/www.aberto.cz\/jak-prozit-zimu-levne-a-v-teplicku\/","datePublished":"2024-10-17","dateModified":"2024-10-17","mainEntityOfPage":"https:\/\/www.aberto.cz\/jak-prozit-zimu-levne-a-v-teplicku\/","author":{"@type":"Person","@id":"https:\/\/www.aberto.cz\/author\/#Person","name":"","url":"https:\/\/www.aberto.cz\/author\/","identifier":1,"image":{"@type":"ImageObject","@id":"https:\/\/secure.gravatar.com\/avatar\/40b5f3ce562f556955b189273c919e65fd2efecc17411a60d9172af88d0e5d58?s=96&d=mm&r=g","url":"https:\/\/secure.gravatar.com\/avatar\/40b5f3ce562f556955b189273c919e65fd2efecc17411a60d9172af88d0e5d58?s=96&d=mm&r=g","height":96,"width":96}},"publisher":{"@type":"Organization","name":"aberto.cz","logo":{"@type":"ImageObject","@id":"\/logo.png","url":"\/logo.png","width":600,"height":60}},"image":null,"wordCount":200,"keywords":null},{"@type":"Article","@id":"https:\/\/www.aberto.cz\/nevyhody-nehledejte-nenasli-byste-je\/","headline":"Nev\u00fdhody nehledejte. Nena\u0161li byste je!","url":"https:\/\/www.aberto.cz\/nevyhody-nehledejte-nenasli-byste-je\/","datePublished":"2024-10-13","dateModified":"2024-10-13","mainEntityOfPage":"https:\/\/www.aberto.cz\/nevyhody-nehledejte-nenasli-byste-je\/","author":{"@type":"Person","@id":"https:\/\/www.aberto.cz\/author\/#Person","name":"","url":"https:\/\/www.aberto.cz\/author\/","identifier":1,"image":{"@type":"ImageObject","@id":"https:\/\/secure.gravatar.com\/avatar\/40b5f3ce562f556955b189273c919e65fd2efecc17411a60d9172af88d0e5d58?s=96&d=mm&r=g","url":"https:\/\/secure.gravatar.com\/avatar\/40b5f3ce562f556955b189273c919e65fd2efecc17411a60d9172af88d0e5d58?s=96&d=mm&r=g","height":96,"width":96}},"publisher":{"@type":"Organization","name":"aberto.cz","logo":{"@type":"ImageObject","@id":"\/logo.png","url":"\/logo.png","width":600,"height":60}},"image":null,"wordCount":276,"keywords":null}]},{"@context":"https:\/\/schema.org","@type":"WebSite","@id":"https:\/\/www.aberto.cz\/#website","name":"Aberto","url":"https:\/\/www.aberto.cz","potentialAction":{"@type":"SearchAction","target":"https:\/\/www.aberto.cz\/?s={search_term_string}","query-input":"required name=search_term_string"}}]