[{"@context":"https:\/\/schema.org\/","@type":"Article","@id":"https:\/\/www.aberto.cz\/tasky-pro-kazdeho-podnikatele-kteremu-zalezi-na-zivotnim-prostredi\/#Article","mainEntityOfPage":"https:\/\/www.aberto.cz\/tasky-pro-kazdeho-podnikatele-kteremu-zalezi-na-zivotnim-prostredi\/","headline":"Ta\u0161ky pro ka\u017ed\u00e9ho podnikatele, kter\u00e9mu z\u00e1le\u017e\u00ed na \u017eivotn\u00edm prost\u0159ed\u00ed","name":"Ta\u0161ky pro ka\u017ed\u00e9ho podnikatele, kter\u00e9mu z\u00e1le\u017e\u00ed na \u017eivotn\u00edm prost\u0159ed\u00ed","description":"Chcete si mezi sv\u00fdmi klienty vybudovat dobrou pov\u011bst a d\u00e1t jim najevo, \u017ee si cen\u00edte ochrany \u017eivotn\u00edho prost\u0159ed\u00ed? Pot\u0159ebujete jim ale z\u00e1rove\u0148 d\u00e1t n\u011bco, v \u010dem si mohou pohodln\u011b odn\u00e9st&hellip;","datePublished":"2021-11-10","dateModified":"2023-05-17","author":{"@type":"Person","@id":"https:\/\/www.aberto.cz\/author\/#Person","name":"","url":"https:\/\/www.aberto.cz\/author\/","identifier":1,"image":{"@type":"ImageObject","@id":"https:\/\/secure.gravatar.com\/avatar\/40b5f3ce562f556955b189273c919e65fd2efecc17411a60d9172af88d0e5d58?s=96&d=mm&r=g","url":"https:\/\/secure.gravatar.com\/avatar\/40b5f3ce562f556955b189273c919e65fd2efecc17411a60d9172af88d0e5d58?s=96&d=mm&r=g","height":96,"width":96}},"publisher":{"@type":"Organization","name":"aberto.cz","logo":{"@type":"ImageObject","@id":"\/logo.png","url":"\/logo.png","width":600,"height":60}},"image":{"@type":"ImageObject","@id":"https:\/\/www.aberto.cz\/wp-content\/uploads\/shop-g1bfecd0e0_1920.jpg","url":"https:\/\/www.aberto.cz\/wp-content\/uploads\/shop-g1bfecd0e0_1920.jpg","height":0,"width":0},"url":"https:\/\/www.aberto.cz\/tasky-pro-kazdeho-podnikatele-kteremu-zalezi-na-zivotnim-prostredi\/","about":["V\u00fdrobky"],"wordCount":432,"articleBody":"       Chcete si mezi sv\u00fdmi klienty vybudovat dobrou pov\u011bst a d\u00e1t jim najevo, \u017ee si cen\u00edte ochrany \u017eivotn\u00edho prost\u0159ed\u00ed? Pot\u0159ebujete jim ale z\u00e1rove\u0148 d\u00e1t n\u011bco, v \u010dem si mohou pohodln\u011b odn\u00e9st z kamenn\u00e9 prodejny va\u0161e produkty? Spolehn\u011bte se na pap\u00edrov\u00e9 ta\u0161ky s potiskem od Promo d\u00e1rky, kter\u00e9 je okouzl\u00ed a z\u00e1rove\u0148 budou maxim\u00e1ln\u011b praktick\u00e9.B\u00edl\u00e1 i p\u0159\u00edrodn\u00ed barva je samoz\u0159ejmost\u00edN\u011bkdo bude cht\u00edt ta\u0161ky b\u00edl\u00e9, jin\u00fdm bude v\u00edce vyhovovat p\u0159\u00edrodn\u00ed hn\u011bd\u00e1 barva. Z\u00e1le\u017e\u00ed pouze na tom, co se v\u00e1m bude l\u00edbit v\u00edce a na \u010dem tak\u00e9 v\u00edce vynikne va\u0161e logo. Varianty v\u0161ech velikost\u00ed jsou dostate\u010dn\u011b velk\u00e9 na to, aby se na n\u011b kr\u00e1sn\u011b ve\u0161el znak va\u0161\u00ed spole\u010dnosti. D\u00edky tomu budou nejen praktick\u00e9, ale z\u00e1rove\u0148 budou fungovat jako reklamn\u00ed p\u0159edm\u011bt.Potisk je levn\u00fd a p\u0159esn\u011b na m\u00edru. D\u00edky tomu z\u00edsk\u00e1te v\u0161e, po \u010dem m\u016f\u017eete jen tou\u017eit a z\u00edsk\u00e1te je\u0161t\u011b v\u00edce klient\u016f, kter\u00fdm se bude l\u00edbit v\u00e1\u0161 p\u0159\u00edstup. Produkty a slu\u017eby, kter\u00e9 nab\u00edz\u00edte, si zamiluj\u00ed a vy z\u00edsk\u00e1te v\u011brn\u00e9 z\u00e1kazn\u00edky, kte\u0159\u00ed k v\u00e1m budou chodit po mnoho let. Jedn\u00e1 se o jedine\u010dn\u00fd zp\u016fsob, jak prezentovat svou firmu a to, co d\u011bl\u00e1te.Pro\u010d zvolit pap\u00edrov\u00e9 ta\u0161ky m\u00edsto igelitov\u00fdch?N\u011bkdo m\u016f\u017ee nam\u00edtnout, \u017ee se tyto produkty vyr\u00e1b\u00ed z pap\u00edru a to je dal\u0161\u00ed d\u016fvod pro k\u00e1cen\u00ed strom\u016f. To je sice pravda, ale tyto ta\u0161ky v\u00e1m vydr\u017e\u00ed mnohdy i d\u00e9le ne\u017e plastov\u00e9. Rozkl\u00e1daj\u00ed se p\u0159itom pouh\u00e9 4 m\u011bs\u00edce, zat\u00edmco plastov\u00fdm to zabere a\u017e 25 let. To je z pohledu recyklace a rozlo\u017een\u00ed obrovsk\u00fd rozd\u00edl. Nav\u00edc tato varianta vypad\u00e1 mnohem l\u00e9pe a lid\u00e9 ji budou r\u00e1di nosit jako m\u00f3dn\u00ed dopln\u011bk.Spole\u010dnosti i z\u00e1kazn\u00edci t\u00edmto zp\u016fsobem mohou d\u00e1t ve\u0159ejn\u011b najevo sv\u016fj postoj k ochran\u011b \u017eivotn\u00edho prost\u0159ed\u00ed, co\u017e je dnes velk\u00fdm trendem a va\u0161i klienti se do toho zajist\u00e9 velmi r\u00e1di zapoj\u00ed. Velk\u00fdm omylem je, \u017ee se jedn\u00e1 o v\u011bc na jedno pou\u017eit\u00ed. Pravdou je, \u017ee p\u0159i \u0161etrn\u00e9m u\u017e\u00edv\u00e1n\u00ed vydr\u017e\u00ed pom\u011brn\u011b dlouho, \u010dasto i d\u00e9le ne\u017e nekvalitn\u00ed plastov\u00e9 mo\u017enosti.                                                                                                                                                                                                                                                                                                                                                                                          3.6\/5 - (9 votes)        "},{"@context":"https:\/\/schema.org\/","@type":"BreadcrumbList","itemListElement":[{"@type":"ListItem","position":1,"name":"Ta\u0161ky pro ka\u017ed\u00e9ho podnikatele, kter\u00e9mu z\u00e1le\u017e\u00ed na \u017eivotn\u00edm prost\u0159ed\u00ed","item":"https:\/\/www.aberto.cz\/tasky-pro-kazdeho-podnikatele-kteremu-zalezi-na-zivotnim-prostredi\/#breadcrumbitem"}]}]