{"@context":"https:\/\/schema.org\/","@type":"CollectionPage","@id":"https:\/\/www.aberto.cz\/vyrobky\/#CollectionPage","headline":"V\u00fdrobky Category","description":"","url":"https:\/\/www.aberto.cz\/vyrobky\/","hasPart":[{"@type":"Article","@id":"https:\/\/www.aberto.cz\/bez-dobrych-niti-nelze-usit-kvalitni-kousky\/","headline":"Bez dobr\u00fdch nit\u00ed nelze u\u0161\u00edt kvalitn\u00ed kousky","url":"https:\/\/www.aberto.cz\/bez-dobrych-niti-nelze-usit-kvalitni-kousky\/","datePublished":"2026-01-03","dateModified":"2026-01-03","mainEntityOfPage":"https:\/\/www.aberto.cz\/bez-dobrych-niti-nelze-usit-kvalitni-kousky\/","author":{"@type":"Person","@id":"https:\/\/www.aberto.cz\/author\/#Person","name":"","url":"https:\/\/www.aberto.cz\/author\/","identifier":1,"image":{"@type":"ImageObject","@id":"https:\/\/secure.gravatar.com\/avatar\/40b5f3ce562f556955b189273c919e65fd2efecc17411a60d9172af88d0e5d58?s=96&d=mm&r=g","url":"https:\/\/secure.gravatar.com\/avatar\/40b5f3ce562f556955b189273c919e65fd2efecc17411a60d9172af88d0e5d58?s=96&d=mm&r=g","height":96,"width":96}},"publisher":{"@type":"Organization","name":"aberto.cz","logo":{"@type":"ImageObject","@id":"\/logo.png","url":"\/logo.png","width":600,"height":60}},"image":{"@type":"ImageObject","@id":"https:\/\/www.aberto.cz\/wp-content\/uploads\/myriams-fotos-threads-5547529_640.jpg","url":"https:\/\/www.aberto.cz\/wp-content\/uploads\/myriams-fotos-threads-5547529_640.jpg","height":0,"width":0},"keywords":null},{"@type":"Article","@id":"https:\/\/www.aberto.cz\/jak-poznat-ze-mame-plisne-v-byte-a-nevime-o-tom\/","headline":"Jak poznat, \u017ee m\u00e1me pl\u00edsn\u011b v byt\u011b a nev\u00edme o tom","url":"https:\/\/www.aberto.cz\/jak-poznat-ze-mame-plisne-v-byte-a-nevime-o-tom\/","datePublished":"2025-12-16","dateModified":"2025-12-16","mainEntityOfPage":"https:\/\/www.aberto.cz\/jak-poznat-ze-mame-plisne-v-byte-a-nevime-o-tom\/","author":{"@type":"Person","@id":"https:\/\/www.aberto.cz\/author\/#Person","name":"","url":"https:\/\/www.aberto.cz\/author\/","identifier":1,"image":{"@type":"ImageObject","@id":"https:\/\/secure.gravatar.com\/avatar\/40b5f3ce562f556955b189273c919e65fd2efecc17411a60d9172af88d0e5d58?s=96&d=mm&r=g","url":"https:\/\/secure.gravatar.com\/avatar\/40b5f3ce562f556955b189273c919e65fd2efecc17411a60d9172af88d0e5d58?s=96&d=mm&r=g","height":96,"width":96}},"publisher":{"@type":"Organization","name":"aberto.cz","logo":{"@type":"ImageObject","@id":"\/logo.png","url":"\/logo.png","width":600,"height":60}},"image":{"@type":"ImageObject","@id":"https:\/\/www.aberto.cz\/wp-content\/uploads\/plisen1.jpg","url":"https:\/\/www.aberto.cz\/wp-content\/uploads\/plisen1.jpg","height":0,"width":0},"keywords":null},{"@type":"Article","@id":"https:\/\/www.aberto.cz\/jak-zatocit-s-vanocnimi-kily\/","headline":"Jak zato\u010dit s v\u00e1no\u010dn\u00edmi kily","url":"https:\/\/www.aberto.cz\/jak-zatocit-s-vanocnimi-kily\/","datePublished":"2025-11-03","dateModified":"2025-11-03","mainEntityOfPage":"https:\/\/www.aberto.cz\/jak-zatocit-s-vanocnimi-kily\/","author":{"@type":"Person","@id":"https:\/\/www.aberto.cz\/author\/#Person","name":"","url":"https:\/\/www.aberto.cz\/author\/","identifier":1,"image":{"@type":"ImageObject","@id":"https:\/\/secure.gravatar.com\/avatar\/40b5f3ce562f556955b189273c919e65fd2efecc17411a60d9172af88d0e5d58?s=96&d=mm&r=g","url":"https:\/\/secure.gravatar.com\/avatar\/40b5f3ce562f556955b189273c919e65fd2efecc17411a60d9172af88d0e5d58?s=96&d=mm&r=g","height":96,"width":96}},"publisher":{"@type":"Organization","name":"aberto.cz","logo":{"@type":"ImageObject","@id":"\/logo.png","url":"\/logo.png","width":600,"height":60}},"image":{"@type":"ImageObject","@id":"https:\/\/www.aberto.cz\/wp-content\/uploads\/measuring-tape-4590162_640_2.jpg","url":"https:\/\/www.aberto.cz\/wp-content\/uploads\/measuring-tape-4590162_640_2.jpg","height":0,"width":0},"keywords":null},{"@type":"Article","@id":"https:\/\/www.aberto.cz\/reklamni-darek-ktery-potesi\/","headline":"Reklamn\u00ed d\u00e1rek, kter\u00fd pot\u011b\u0161\u00ed","url":"https:\/\/www.aberto.cz\/reklamni-darek-ktery-potesi\/","datePublished":"2025-08-13","dateModified":"2025-08-13","mainEntityOfPage":"https:\/\/www.aberto.cz\/reklamni-darek-ktery-potesi\/","author":{"@type":"Person","@id":"https:\/\/www.aberto.cz\/author\/#Person","name":"","url":"https:\/\/www.aberto.cz\/author\/","identifier":1,"image":{"@type":"ImageObject","@id":"https:\/\/secure.gravatar.com\/avatar\/40b5f3ce562f556955b189273c919e65fd2efecc17411a60d9172af88d0e5d58?s=96&d=mm&r=g","url":"https:\/\/secure.gravatar.com\/avatar\/40b5f3ce562f556955b189273c919e65fd2efecc17411a60d9172af88d0e5d58?s=96&d=mm&r=g","height":96,"width":96}},"publisher":{"@type":"Organization","name":"aberto.cz","logo":{"@type":"ImageObject","@id":"\/logo.png","url":"\/logo.png","width":600,"height":60}},"image":{"@type":"ImageObject","@id":"https:\/\/www.aberto.cz\/wp-content\/uploads\/pexels-anete-lusina-5238433.jpg","url":"https:\/\/www.aberto.cz\/wp-content\/uploads\/pexels-anete-lusina-5238433.jpg","height":0,"width":0},"keywords":null},{"@type":"Article","@id":"https:\/\/www.aberto.cz\/kvetinace-s-dekoracemi\/","headline":"Kv\u011btin\u00e1\u010de s dekoracemi","url":"https:\/\/www.aberto.cz\/kvetinace-s-dekoracemi\/","datePublished":"2025-07-02","dateModified":"2025-07-02","mainEntityOfPage":"https:\/\/www.aberto.cz\/kvetinace-s-dekoracemi\/","author":{"@type":"Person","@id":"https:\/\/www.aberto.cz\/author\/#Person","name":"","url":"https:\/\/www.aberto.cz\/author\/","identifier":1,"image":{"@type":"ImageObject","@id":"https:\/\/secure.gravatar.com\/avatar\/40b5f3ce562f556955b189273c919e65fd2efecc17411a60d9172af88d0e5d58?s=96&d=mm&r=g","url":"https:\/\/secure.gravatar.com\/avatar\/40b5f3ce562f556955b189273c919e65fd2efecc17411a60d9172af88d0e5d58?s=96&d=mm&r=g","height":96,"width":96}},"publisher":{"@type":"Organization","name":"aberto.cz","logo":{"@type":"ImageObject","@id":"\/logo.png","url":"\/logo.png","width":600,"height":60}},"image":{"@type":"ImageObject","@id":"https:\/\/www.aberto.cz\/wp-content\/uploads\/zahrada4_10_6.jpg","url":"https:\/\/www.aberto.cz\/wp-content\/uploads\/zahrada4_10_6.jpg","height":0,"width":0},"keywords":null},{"@type":"Article","@id":"https:\/\/www.aberto.cz\/dame-si-vinecko\/","headline":"D\u00e1me si v\u00edne\u010dko","url":"https:\/\/www.aberto.cz\/dame-si-vinecko\/","datePublished":"2025-07-01","dateModified":"2025-07-01","mainEntityOfPage":"https:\/\/www.aberto.cz\/dame-si-vinecko\/","author":{"@type":"Person","@id":"https:\/\/www.aberto.cz\/author\/#Person","name":"","url":"https:\/\/www.aberto.cz\/author\/","identifier":1,"image":{"@type":"ImageObject","@id":"https:\/\/secure.gravatar.com\/avatar\/40b5f3ce562f556955b189273c919e65fd2efecc17411a60d9172af88d0e5d58?s=96&d=mm&r=g","url":"https:\/\/secure.gravatar.com\/avatar\/40b5f3ce562f556955b189273c919e65fd2efecc17411a60d9172af88d0e5d58?s=96&d=mm&r=g","height":96,"width":96}},"publisher":{"@type":"Organization","name":"aberto.cz","logo":{"@type":"ImageObject","@id":"\/logo.png","url":"\/logo.png","width":600,"height":60}},"image":{"@type":"ImageObject","@id":"https:\/\/www.aberto.cz\/wp-content\/uploads\/wine-1543172_640.jpg","url":"https:\/\/www.aberto.cz\/wp-content\/uploads\/wine-1543172_640.jpg","height":0,"width":0},"keywords":null},{"@type":"Article","@id":"https:\/\/www.aberto.cz\/budte-originalni-s-potisky-na-sklenicky\/","headline":"Bu\u010fte origin\u00e1ln\u00ed s potisky na skleni\u010dky","url":"https:\/\/www.aberto.cz\/budte-originalni-s-potisky-na-sklenicky\/","datePublished":"2025-06-03","dateModified":"2025-06-03","mainEntityOfPage":"https:\/\/www.aberto.cz\/budte-originalni-s-potisky-na-sklenicky\/","author":{"@type":"Person","@id":"https:\/\/www.aberto.cz\/author\/#Person","name":"","url":"https:\/\/www.aberto.cz\/author\/","identifier":1,"image":{"@type":"ImageObject","@id":"https:\/\/secure.gravatar.com\/avatar\/40b5f3ce562f556955b189273c919e65fd2efecc17411a60d9172af88d0e5d58?s=96&d=mm&r=g","url":"https:\/\/secure.gravatar.com\/avatar\/40b5f3ce562f556955b189273c919e65fd2efecc17411a60d9172af88d0e5d58?s=96&d=mm&r=g","height":96,"width":96}},"publisher":{"@type":"Organization","name":"aberto.cz","logo":{"@type":"ImageObject","@id":"\/logo.png","url":"\/logo.png","width":600,"height":60}},"image":{"@type":"ImageObject","@id":"https:\/\/www.aberto.cz\/wp-content\/uploads\/meal-7069823_640.jpg","url":"https:\/\/www.aberto.cz\/wp-content\/uploads\/meal-7069823_640.jpg","height":0,"width":0},"keywords":null},{"@type":"Article","@id":"https:\/\/www.aberto.cz\/potrebujete-prvni-dlouhe-saty\/","headline":"Pot\u0159ebujete prvn\u00ed dlouh\u00e9 \u0161aty?","url":"https:\/\/www.aberto.cz\/potrebujete-prvni-dlouhe-saty\/","datePublished":"2025-03-29","dateModified":"2025-03-29","mainEntityOfPage":"https:\/\/www.aberto.cz\/potrebujete-prvni-dlouhe-saty\/","author":{"@type":"Person","@id":"https:\/\/www.aberto.cz\/author\/#Person","name":"","url":"https:\/\/www.aberto.cz\/author\/","identifier":1,"image":{"@type":"ImageObject","@id":"https:\/\/secure.gravatar.com\/avatar\/40b5f3ce562f556955b189273c919e65fd2efecc17411a60d9172af88d0e5d58?s=96&d=mm&r=g","url":"https:\/\/secure.gravatar.com\/avatar\/40b5f3ce562f556955b189273c919e65fd2efecc17411a60d9172af88d0e5d58?s=96&d=mm&r=g","height":96,"width":96}},"publisher":{"@type":"Organization","name":"aberto.cz","logo":{"@type":"ImageObject","@id":"\/logo.png","url":"\/logo.png","width":600,"height":60}},"image":{"@type":"ImageObject","@id":"https:\/\/www.aberto.cz\/wp-content\/uploads\/woman-5864279_640_1.jpg","url":"https:\/\/www.aberto.cz\/wp-content\/uploads\/woman-5864279_640_1.jpg","height":0,"width":0},"keywords":null},{"@type":"Article","@id":"https:\/\/www.aberto.cz\/jak-najit-vnitrni-klid\/","headline":"Jak naj\u00edt vnit\u0159n\u00ed klid?","url":"https:\/\/www.aberto.cz\/jak-najit-vnitrni-klid\/","datePublished":"2025-03-22","dateModified":"2025-03-22","mainEntityOfPage":"https:\/\/www.aberto.cz\/jak-najit-vnitrni-klid\/","author":{"@type":"Person","@id":"https:\/\/www.aberto.cz\/author\/#Person","name":"","url":"https:\/\/www.aberto.cz\/author\/","identifier":1,"image":{"@type":"ImageObject","@id":"https:\/\/secure.gravatar.com\/avatar\/40b5f3ce562f556955b189273c919e65fd2efecc17411a60d9172af88d0e5d58?s=96&d=mm&r=g","url":"https:\/\/secure.gravatar.com\/avatar\/40b5f3ce562f556955b189273c919e65fd2efecc17411a60d9172af88d0e5d58?s=96&d=mm&r=g","height":96,"width":96}},"publisher":{"@type":"Organization","name":"aberto.cz","logo":{"@type":"ImageObject","@id":"\/logo.png","url":"\/logo.png","width":600,"height":60}},"image":{"@type":"ImageObject","@id":"https:\/\/www.aberto.cz\/wp-content\/uploads\/psychologist-6741715_640.png","url":"https:\/\/www.aberto.cz\/wp-content\/uploads\/psychologist-6741715_640.png","height":0,"width":0},"keywords":null},{"@type":"Article","@id":"https:\/\/www.aberto.cz\/co-je-to-pole-dance\/","headline":"Co je to Pole dance","url":"https:\/\/www.aberto.cz\/co-je-to-pole-dance\/","datePublished":"2023-07-08","dateModified":"2023-10-11","mainEntityOfPage":"https:\/\/www.aberto.cz\/co-je-to-pole-dance\/","author":{"@type":"Person","@id":"https:\/\/www.aberto.cz\/author\/#Person","name":"","url":"https:\/\/www.aberto.cz\/author\/","identifier":1,"image":{"@type":"ImageObject","@id":"https:\/\/secure.gravatar.com\/avatar\/40b5f3ce562f556955b189273c919e65fd2efecc17411a60d9172af88d0e5d58?s=96&d=mm&r=g","url":"https:\/\/secure.gravatar.com\/avatar\/40b5f3ce562f556955b189273c919e65fd2efecc17411a60d9172af88d0e5d58?s=96&d=mm&r=g","height":96,"width":96}},"publisher":{"@type":"Organization","name":"aberto.cz","logo":{"@type":"ImageObject","@id":"\/logo.png","url":"\/logo.png","width":600,"height":60}},"image":{"@type":"ImageObject","@id":"https:\/\/www.aberto.cz\/wp-content\/uploads\/rr.jpg","url":"https:\/\/www.aberto.cz\/wp-content\/uploads\/rr.jpg","height":0,"width":0},"keywords":null}]}