{"@context":"https:\/\/schema.org\/","@type":"CollectionPage","@id":"https:\/\/www.aberto.cz\/vyrobky\/#CollectionPage","headline":"V\u00fdrobky Category","description":"","url":"https:\/\/www.aberto.cz\/vyrobky\/","hasPart":[{"@type":"Article","@id":"https:\/\/www.aberto.cz\/poctivy-nabytek-z-masivu-je-laskou-na-cely-zivot\/","headline":"Poctiv\u00fd n\u00e1bytek z masivu je l\u00e1skou na cel\u00fd \u017eivot","url":"https:\/\/www.aberto.cz\/poctivy-nabytek-z-masivu-je-laskou-na-cely-zivot\/","datePublished":"2018-10-01","dateModified":"2023-05-16","mainEntityOfPage":"https:\/\/www.aberto.cz\/poctivy-nabytek-z-masivu-je-laskou-na-cely-zivot\/","author":{"@type":"Person","@id":"https:\/\/www.aberto.cz\/author\/#Person","name":"","url":"https:\/\/www.aberto.cz\/author\/","identifier":1,"image":{"@type":"ImageObject","@id":"https:\/\/secure.gravatar.com\/avatar\/40b5f3ce562f556955b189273c919e65fd2efecc17411a60d9172af88d0e5d58?s=96&d=mm&r=g","url":"https:\/\/secure.gravatar.com\/avatar\/40b5f3ce562f556955b189273c919e65fd2efecc17411a60d9172af88d0e5d58?s=96&d=mm&r=g","height":96,"width":96}},"publisher":{"@type":"Organization","name":"aberto.cz","logo":{"@type":"ImageObject","@id":"\/logo.png","url":"\/logo.png","width":600,"height":60}},"image":{"@type":"ImageObject","@id":"https:\/\/www.aberto.cz\/wp-content\/uploads\/img_a327598_w1699_t1539859107.jpg","url":"https:\/\/www.aberto.cz\/wp-content\/uploads\/img_a327598_w1699_t1539859107.jpg","height":0,"width":0},"keywords":null},{"@type":"Article","@id":"https:\/\/www.aberto.cz\/3d-tiskarny-jsou-vhodne-i-pro-domaci-vyuzivani\/","headline":"3D tisk\u00e1rny jsou vhodn\u00e9 i pro dom\u00e1c\u00ed vyu\u017e\u00edv\u00e1n\u00ed","url":"https:\/\/www.aberto.cz\/3d-tiskarny-jsou-vhodne-i-pro-domaci-vyuzivani\/","datePublished":"2018-09-24","dateModified":"2023-05-16","mainEntityOfPage":"https:\/\/www.aberto.cz\/3d-tiskarny-jsou-vhodne-i-pro-domaci-vyuzivani\/","author":{"@type":"Person","@id":"https:\/\/www.aberto.cz\/author\/#Person","name":"","url":"https:\/\/www.aberto.cz\/author\/","identifier":1,"image":{"@type":"ImageObject","@id":"https:\/\/secure.gravatar.com\/avatar\/40b5f3ce562f556955b189273c919e65fd2efecc17411a60d9172af88d0e5d58?s=96&d=mm&r=g","url":"https:\/\/secure.gravatar.com\/avatar\/40b5f3ce562f556955b189273c919e65fd2efecc17411a60d9172af88d0e5d58?s=96&d=mm&r=g","height":96,"width":96}},"publisher":{"@type":"Organization","name":"aberto.cz","logo":{"@type":"ImageObject","@id":"\/logo.png","url":"\/logo.png","width":600,"height":60}},"image":{"@type":"ImageObject","@id":"https:\/\/www.aberto.cz\/wp-content\/uploads\/img_a330504_w2393_t1543055119.jpg","url":"https:\/\/www.aberto.cz\/wp-content\/uploads\/img_a330504_w2393_t1543055119.jpg","height":0,"width":0},"keywords":null}]}